{"id":1045,"date":"2014-07-07T20:44:11","date_gmt":"2014-07-07T19:44:11","guid":{"rendered":"http:\/\/www.kleine-miri.de\/blog\/?p=1045"},"modified":"2014-07-07T20:44:11","modified_gmt":"2014-07-07T19:44:11","slug":"blog-event-sommer-im-hexengarten","status":"publish","type":"post","link":"https:\/\/www.kleine-miri.de\/blog\/2014\/07\/07\/blog-event-sommer-im-hexengarten\/","title":{"rendered":"Blog-Event: Sommer im Hexengarten"},"content":{"rendered":"<p><a href=\"https:\/\/www.kleine-miri.de\/blog\/wp-content\/uploads\/2014\/07\/sommer_im_hexengarten.jpg\"><img loading=\"lazy\" decoding=\"async\" src=\"https:\/\/www.kleine-miri.de\/blog\/wp-content\/uploads\/2014\/07\/sommer_im_hexengarten.jpg\" alt=\"sommer_im_hexengarten\" width=\"400\" height=\"267\" class=\"aligncenter size-full wp-image-1043\" \/><\/a><\/p>\n<p>Welche Kr\u00e4uterhexe kommt schon ohne Hexengarten aus? Egal ob im &#8222;richtigen&#8220; Garten, auf Balkon oder Fensterbrett, ein paar Hexenkr\u00e4utchen wohnen bestimmt bei jeder Kr\u00e4uterhexe. Im Moment bin ich auch fast lieber auf meinem Balkon bei den Pflanzen als drinnen in der Hexenk\u00fcche und ich liebe es, \u00fcber die Gartenz\u00e4une in der Nachbarschaft zu spitzen, was dort so w\u00e4chst. Dabei bin ich auf die Idee gekommen, ein Blog-Event zu diesem Thema zu machen, quasi einen virtuelle Blick in andere G\u00e4rten. Unter euch sind ja viele, die gerne g\u00e4rtnern. Wenn ihr Lust habt, dar\u00fcber zu schreiben, und anderen einen Einblick in euren Hexengarten geben m\u00f6chtet, dann macht doch mit.<\/p>\n<p><strong>Wie geht&#8217;s?<\/strong><\/p>\n<p>1. Schreibt einen oder gerne auch mehrere Beitr\u00e4ge \u00fcber euren Hexengarten, ganz egal ob gro\u00dfer Garten oder kleines Fensterbrett. Habt ihr vielleicht ein Lieblingskraut, das dort w\u00e4chst und mit dem man etwas Leckeres, Gesundes oder Sch\u00f6nes machen kann? Oder ganz viele verschiedene Pflanzen, die h\u00fcbsch bl\u00fchen oder flei\u00dfig Fr\u00fcchte produzieren? Eine, auf die ihr ganz besonders stolz seid? Gebt einfach einen kleinen Einblick in euren Hexengarten, gerne auch mit passendem Rezept \ud83d\ude09 Das Banner hier d\u00fcrft ihr euch nat\u00fcrlich genau daf\u00fcr mitnehmen.<\/p>\n<p>2. Hinterlasst einen Kommentar mit eurem Namen und eurer Blog-URL unter diesem Beitrag, damit man wei\u00df, wer alles mitmacht. <\/p>\n<p>3. Die Aktion l\u00e4uft passend zum Namen bis zum Herbstanfang, der diesmal auf den 23. September f\u00e4llt. Wer bis dahin einen oder mehrere Beitr\u00e4ge verfasst hat, h\u00fcpft mit in den Lostopf. Unter allen Teilnehmern verlose ich dann ein kleines \u00dcberraschungspaket zum Thema Hexengarten. Falls wieder besonders Flei\u00dfige dabei sind, behalte ich mir diesmal vor einen kleinen Flei\u00dfsonderpreis zu vergeben. An Weihnachten hat es mir so leid getan, dass ausgerechnet unsere eifrigsten Teilnehmerinnen leer ausgegangen sind.<\/p>\n<p>Ich werde versuchen in regelm\u00e4\u00dfigen Abst\u00e4nden eine Link-Sammlung mit euren Beitr\u00e4gen hier zu posten, damit wir uns virtuell \u00fcber die Gartenz\u00e4une schauen k\u00f6nnen \ud83d\ude09<\/p>\n<p><strong>Wer kann mitmachen?<\/strong><\/p>\n<p>Nat\u00fcrlich alle, die selbst einen Blog haben, aber auch meine Leserinnen ohne eigenen Blog will ich nicht ausschlie\u00dfen. Wenn du keinen Blog hast und auch mitmachen willst, schreibe mir doch einfach eine mail (mirjam[at]kleine-miri.de), dann darf dein Beitrag gerne auf meinen Blog als Gastbeitrag erscheinen. <\/p>\n<p><strong>Bis wann?<\/strong><\/p>\n<p>Bis einschlie\u00dflich 23.9.2014. Dann f\u00e4ngt der Herbst an \ud83d\ude09<\/p>\n<p>Ich freue mich schon auf eure Beitr\u00e4ge und bin sehr gespannt, was bei euch so gr\u00fcnt und bl\u00fcht! Und w\u00fcnsche uns allen einen sch\u00f6nen gr\u00fcnen Sommer \ud83d\ude00<\/p>\n<p>Zu guter Letzt hier noch das Banner zum Mitnehmen f\u00fcr euch in gro\u00df und klein:<\/p>\n<p><a href=\"https:\/\/www.kleine-miri.de\/blog\/wp-content\/uploads\/2014\/07\/sommer_im_hexengarten.jpg\"><img loading=\"lazy\" decoding=\"async\" src=\"https:\/\/www.kleine-miri.de\/blog\/wp-content\/uploads\/2014\/07\/sommer_im_hexengarten.jpg\" alt=\"sommer_im_hexengarten\" width=\"400\" height=\"267\" class=\"aligncenter size-full wp-image-1043\" \/><\/a><\/p>\n<p><a href=\"https:\/\/www.kleine-miri.de\/blog\/wp-content\/uploads\/2014\/07\/sommer_im_hexengarten_klein.jpg\"><img loading=\"lazy\" decoding=\"async\" src=\"https:\/\/www.kleine-miri.de\/blog\/wp-content\/uploads\/2014\/07\/sommer_im_hexengarten_klein.jpg\" alt=\"sommer_im_hexengarten_klein\" width=\"300\" height=\"200\" class=\"aligncenter size-full wp-image-1044\" \/><\/a><\/p>\n","protected":false},"excerpt":{"rendered":"<p>Welche Kr\u00e4uterhexe kommt schon ohne Hexengarten aus? Egal ob im &#8222;richtigen&#8220; Garten, auf Balkon oder Fensterbrett, ein paar Hexenkr\u00e4utchen wohnen bestimmt bei jeder Kr\u00e4uterhexe. Im Moment bin ich auch fast lieber auf meinem Balkon bei den Pflanzen als drinnen in&hellip;<\/p>\n<p class=\"more-link-p\"><a class=\"more-link\" href=\"https:\/\/www.kleine-miri.de\/blog\/2014\/07\/07\/blog-event-sommer-im-hexengarten\/\">Weiterlesen &rarr;<\/a><\/p>\n","protected":false},"author":1,"featured_media":0,"comment_status":"open","ping_status":"open","sticky":false,"template":"","format":"standard","meta":{"footnotes":""},"categories":[1,10,4,5,7],"tags":[],"class_list":["post-1045","post","type-post","status-publish","format-standard","hentry","category-allgemein","category-gartnern","category-krauter","category-kuche","category-pflanzen"],"_links":{"self":[{"href":"https:\/\/www.kleine-miri.de\/blog\/wp-json\/wp\/v2\/posts\/1045","targetHints":{"allow":["GET"]}}],"collection":[{"href":"https:\/\/www.kleine-miri.de\/blog\/wp-json\/wp\/v2\/posts"}],"about":[{"href":"https:\/\/www.kleine-miri.de\/blog\/wp-json\/wp\/v2\/types\/post"}],"author":[{"embeddable":true,"href":"https:\/\/www.kleine-miri.de\/blog\/wp-json\/wp\/v2\/users\/1"}],"replies":[{"embeddable":true,"href":"https:\/\/www.kleine-miri.de\/blog\/wp-json\/wp\/v2\/comments?post=1045"}],"version-history":[{"count":14,"href":"https:\/\/www.kleine-miri.de\/blog\/wp-json\/wp\/v2\/posts\/1045\/revisions"}],"predecessor-version":[{"id":1059,"href":"https:\/\/www.kleine-miri.de\/blog\/wp-json\/wp\/v2\/posts\/1045\/revisions\/1059"}],"wp:attachment":[{"href":"https:\/\/www.kleine-miri.de\/blog\/wp-json\/wp\/v2\/media?parent=1045"}],"wp:term":[{"taxonomy":"category","embeddable":true,"href":"https:\/\/www.kleine-miri.de\/blog\/wp-json\/wp\/v2\/categories?post=1045"},{"taxonomy":"post_tag","embeddable":true,"href":"https:\/\/www.kleine-miri.de\/blog\/wp-json\/wp\/v2\/tags?post=1045"}],"curies":[{"name":"wp","href":"https:\/\/api.w.org\/{rel}","templated":true}]}}