{"id":1667,"date":"2015-07-03T22:15:28","date_gmt":"2015-07-03T20:15:28","guid":{"rendered":"https:\/\/www.kleine-miri.de\/blog\/?p=1667"},"modified":"2015-07-03T22:15:28","modified_gmt":"2015-07-03T20:15:28","slug":"kraeuterbuschen-ii-unser-taeglich-brot","status":"publish","type":"post","link":"https:\/\/www.kleine-miri.de\/blog\/2015\/07\/03\/kraeuterbuschen-ii-unser-taeglich-brot\/","title":{"rendered":"Kr\u00e4uterbuschen II: Unser t\u00e4glich Brot"},"content":{"rendered":"<div id=\"attachment_1673\" style=\"width: 410px\" class=\"wp-caption aligncenter\"><a href=\"https:\/\/www.kleine-miri.de\/blog\/wp-content\/uploads\/2015\/06\/getreide_02.jpg\"><img loading=\"lazy\" decoding=\"async\" aria-describedby=\"caption-attachment-1673\" src=\"https:\/\/www.kleine-miri.de\/blog\/wp-content\/uploads\/2015\/06\/getreide_02.jpg\" alt=\"Kornfeld im Sommerwind\" width=\"400\" height=\"267\" class=\"size-full wp-image-1673\" \/><\/a><p id=\"caption-attachment-1673\" class=\"wp-caption-text\">Kornfeld im Sommerwind<\/p><\/div>\n<p>Nicht nur Kr\u00e4uter geh\u00f6ren in einen Kr\u00e4uterbuschen, auch Getreide\u00e4hren d\u00fcrfen eigentlich nicht fehlen. Einserseits sehen sie sehr dekorativ aus, andererseit haben die Getreidepflanzen eine tief verwurzelte kulturelle Bedeutung. Ohne sie h\u00e4tte sich die menschliche Kultur wohl entscheidend anders entwickelt. Auch wenn Mehl, Reis und andere Getreideprodukte heutzutage (bei uns) im Supermarkt f\u00fcr wenig Geld und jeden erschwinglich zu haben sind, schadet es sicher nicht, sich daran zu erinnern, wie wichtig diese Grundnahrungsmittel f\u00fcr uns sind. Viele Jahrhunderte waren Brot und &#8222;Mus&#8220;, also ein Brei aus mehr oder weniger stark vermahlenem Getreide, das Hauptnahrungsmittel der einfachen Menschen in unseren Breiten. Woanders ist das heute noch nicht viel anders. Umso verst\u00e4ndlicher also, dass die Korn\u00e4hren mit in den Kr\u00e4uterbuschen kommen. Je nach Gegend und Wetter darf man sie nat\u00fcrlich auch schon etwas vor Maria Himmelfahr sammeln, denn, wenn erst einmal der M\u00e4hdrescher da war, wird man kaum noch eine \u00c4hre finden k\u00f6nnen.<\/p>\n<div id=\"attachment_1672\" style=\"width: 410px\" class=\"wp-caption aligncenter\"><a href=\"https:\/\/www.kleine-miri.de\/blog\/wp-content\/uploads\/2015\/06\/getreide_01.jpg\"><img loading=\"lazy\" decoding=\"async\" aria-describedby=\"caption-attachment-1672\" src=\"https:\/\/www.kleine-miri.de\/blog\/wp-content\/uploads\/2015\/06\/getreide_01.jpg\" alt=\"Welche Getreidesorte neigt wohl hier ihre \u00c4hren im Abendlicht?\" width=\"400\" height=\"267\" class=\"size-full wp-image-1672\" \/><\/a><p id=\"caption-attachment-1672\" class=\"wp-caption-text\">Welche Getreidesorte neigt wohl hier ihre \u00c4hren im Abendlicht?<\/p><\/div>\n<p>Ein Ausflug zum Getreidefeld kann auch botnaisch ganz spannend sein. In der Grundschule haben wir ja sicher aller irgendwann einmal die Unterschiede zwischen den verschiedenen Getreidearten gelernt. Erinnert ihr euch alle noch daran? Wer hat die l\u00e4ngsten Grannen und wer keine? Allerdings hat sich seitdem auch ein bisschen was ge\u00e4ndert. So war ich in den letzten Jahren erstaunt, ein &#8222;neues&#8220; Getreide auf den Felder zu finden. Dabei war es gar nicht neu, sondern der Dinkel, der immer mehr im Kommen ist \ud83d\ude09<\/p>\n<p>Eine kleine Ged\u00e4chtnisst\u00fctze findet ihr \u00fcbrigens <a href=\"https:\/\/www.schulportal-thueringen.de\/media\/detail?tspi=2303\">hier<\/a>.<\/p>\n<p>Und wenn ihr Lust habt, ein bisschen mit zu raten, hier noch ein paar Getreidebilder (die Haselmaus-Leser kennen ja schon meine Vorliebe f\u00fcr Bilderr\u00e4tsel ;-)):<\/p>\n<div id=\"attachment_1684\" style=\"width: 410px\" class=\"wp-caption aligncenter\"><a href=\"https:\/\/www.kleine-miri.de\/blog\/wp-content\/uploads\/2015\/07\/getreide_01.jpg\"><img loading=\"lazy\" decoding=\"async\" aria-describedby=\"caption-attachment-1684\" src=\"https:\/\/www.kleine-miri.de\/blog\/wp-content\/uploads\/2015\/07\/getreide_01.jpg\" alt=\"Wer bin ich wohl?\" width=\"400\" height=\"267\" class=\"size-full wp-image-1684\" \/><\/a><p id=\"caption-attachment-1684\" class=\"wp-caption-text\">Wer bin ich wohl?<\/p><\/div>\n<div id=\"attachment_1685\" style=\"width: 410px\" class=\"wp-caption aligncenter\"><a href=\"https:\/\/www.kleine-miri.de\/blog\/wp-content\/uploads\/2015\/07\/getreide_02.jpg\"><img loading=\"lazy\" decoding=\"async\" aria-describedby=\"caption-attachment-1685\" src=\"https:\/\/www.kleine-miri.de\/blog\/wp-content\/uploads\/2015\/07\/getreide_02.jpg\" alt=\"Wof\u00fcr baut man mich an?\" width=\"400\" height=\"267\" class=\"size-full wp-image-1685\" \/><\/a><p id=\"caption-attachment-1685\" class=\"wp-caption-text\">Wof\u00fcr baut man mich an?<\/p><\/div>\n<div id=\"attachment_1686\" style=\"width: 410px\" class=\"wp-caption aligncenter\"><a href=\"https:\/\/www.kleine-miri.de\/blog\/wp-content\/uploads\/2015\/07\/getreide_03.jpg\"><img loading=\"lazy\" decoding=\"async\" aria-describedby=\"caption-attachment-1686\" src=\"https:\/\/www.kleine-miri.de\/blog\/wp-content\/uploads\/2015\/07\/getreide_03.jpg\" alt=\"Und wer kennt mich?\" width=\"400\" height=\"267\" class=\"size-full wp-image-1686\" \/><\/a><p id=\"caption-attachment-1686\" class=\"wp-caption-text\">Und wer kennt mich?<\/p><\/div>\n","protected":false},"excerpt":{"rendered":"<p>Nicht nur Kr\u00e4uter geh\u00f6ren in einen Kr\u00e4uterbuschen, auch Getreide\u00e4hren d\u00fcrfen eigentlich nicht fehlen. Einserseits sehen sie sehr dekorativ aus, andererseit haben die Getreidepflanzen eine tief verwurzelte kulturelle Bedeutung. Ohne sie h\u00e4tte sich die menschliche Kultur wohl entscheidend anders entwickelt. Auch&hellip;<\/p>\n<p class=\"more-link-p\"><a class=\"more-link\" href=\"https:\/\/www.kleine-miri.de\/blog\/2015\/07\/03\/kraeuterbuschen-ii-unser-taeglich-brot\/\">Weiterlesen &rarr;<\/a><\/p>\n","protected":false},"author":1,"featured_media":0,"comment_status":"open","ping_status":"open","sticky":false,"template":"","format":"standard","meta":{"footnotes":""},"categories":[12,4,8,7],"tags":[],"class_list":["post-1667","post","type-post","status-publish","format-standard","hentry","category-gesundheit","category-krauter","category-natur","category-pflanzen"],"_links":{"self":[{"href":"https:\/\/www.kleine-miri.de\/blog\/wp-json\/wp\/v2\/posts\/1667","targetHints":{"allow":["GET"]}}],"collection":[{"href":"https:\/\/www.kleine-miri.de\/blog\/wp-json\/wp\/v2\/posts"}],"about":[{"href":"https:\/\/www.kleine-miri.de\/blog\/wp-json\/wp\/v2\/types\/post"}],"author":[{"embeddable":true,"href":"https:\/\/www.kleine-miri.de\/blog\/wp-json\/wp\/v2\/users\/1"}],"replies":[{"embeddable":true,"href":"https:\/\/www.kleine-miri.de\/blog\/wp-json\/wp\/v2\/comments?post=1667"}],"version-history":[{"count":5,"href":"https:\/\/www.kleine-miri.de\/blog\/wp-json\/wp\/v2\/posts\/1667\/revisions"}],"predecessor-version":[{"id":1687,"href":"https:\/\/www.kleine-miri.de\/blog\/wp-json\/wp\/v2\/posts\/1667\/revisions\/1687"}],"wp:attachment":[{"href":"https:\/\/www.kleine-miri.de\/blog\/wp-json\/wp\/v2\/media?parent=1667"}],"wp:term":[{"taxonomy":"category","embeddable":true,"href":"https:\/\/www.kleine-miri.de\/blog\/wp-json\/wp\/v2\/categories?post=1667"},{"taxonomy":"post_tag","embeddable":true,"href":"https:\/\/www.kleine-miri.de\/blog\/wp-json\/wp\/v2\/tags?post=1667"}],"curies":[{"name":"wp","href":"https:\/\/api.w.org\/{rel}","templated":true}]}}