{"id":2222,"date":"2017-07-16T14:27:16","date_gmt":"2017-07-16T12:27:16","guid":{"rendered":"https:\/\/www.kleine-miri.de\/blog\/?p=2222"},"modified":"2017-07-16T14:27:16","modified_gmt":"2017-07-16T12:27:16","slug":"sommer-im-hexengarten-astrids-stadtbalkon","status":"publish","type":"post","link":"https:\/\/www.kleine-miri.de\/blog\/2017\/07\/16\/sommer-im-hexengarten-astrids-stadtbalkon\/","title":{"rendered":"Sommer im Hexengarten: Astrids Stadtbalkon"},"content":{"rendered":"<p>Um sich ein kleines gr\u00fcnes Paradies f\u00fcr Pflanzen, Tiere und die eigene Seele zu gestalten, braucht man wirklich nicht viel Platz. So freue ich mich besonders, euch heute Astrids Stadtbalkon vorstellen zu d\u00fcrfen \ud83d\ude42 Aber lest und seht selbst, was sie mir Sch\u00f6nes geschickt hat.<\/p>\n<p><strong>Sommer auf dem Stadtbalkon<\/strong><\/p>\n<p>Zum Blog-Event \u201eSommer im Hexengarten\u201c m\u00f6chte ich meinen kleinen Stadtbalkon vorstellen.<\/p>\n<p>Hier wachsen dieses Jahr vor allem Kr\u00e4uter und Gem\u00fcse, sowie verschiedene Bienen- und Hummel-freundliche Blumen.<\/p>\n<p>Das erste Ziel jeder Hummel auf meinem Balkon sind die Sonnenblumen. Manchmal sind sie so \u00fcber und \u00fcber mit Pollenstaub bedeckt, dass sie kaum noch geradeaus und nur mit ganz lautem Gebrumme wegfliegen k\u00f6nnen.<\/p>\n<div id=\"attachment_2223\" style=\"width: 385px\" class=\"wp-caption aligncenter\"><a href=\"https:\/\/www.kleine-miri.de\/blog\/wp-content\/uploads\/2017\/07\/P1050959_klein.jpg\"><img loading=\"lazy\" decoding=\"async\" aria-describedby=\"caption-attachment-2223\" src=\"https:\/\/www.kleine-miri.de\/blog\/wp-content\/uploads\/2017\/07\/P1050959_klein.jpg\" alt=\"\" width=\"375\" height=\"500\" class=\"size-full wp-image-2223\" srcset=\"https:\/\/www.kleine-miri.de\/blog\/wp-content\/uploads\/2017\/07\/P1050959_klein.jpg 375w, https:\/\/www.kleine-miri.de\/blog\/wp-content\/uploads\/2017\/07\/P1050959_klein-225x300.jpg 225w, https:\/\/www.kleine-miri.de\/blog\/wp-content\/uploads\/2017\/07\/P1050959_klein-260x347.jpg 260w, https:\/\/www.kleine-miri.de\/blog\/wp-content\/uploads\/2017\/07\/P1050959_klein-160x213.jpg 160w\" sizes=\"auto, (max-width: 375px) 100vw, 375px\" \/><\/a><p id=\"caption-attachment-2223\" class=\"wp-caption-text\">Hummelchen auf ihrer Lieblingsbl\u00fcte<\/p><\/div>\n<p>Gestern hat eine Hummel sogar auf einer Sonnenblume ganz am Rand der Bl\u00fcte geschlafen. Heute morgen dann habe ich sie im Blumentopf unter der Bl\u00fcte wieder entdeckt. Dort hat sie sich ganz langsam in die Erde eingebuddelt, um dann wahrscheinlich nochmal ganz lange weiter zu schlafen. Den Topf habe ich notgedrungen markiert, damit ich ihn bis zum n\u00e4chsten Jahr stehen lasse und hoffe, dass meine Chili, die dort drin w\u00e4chst, sich jetzt mit vorsichtigem Gie\u00dfen zufrieden geben wird.<\/p>\n<div id=\"attachment_2224\" style=\"width: 510px\" class=\"wp-caption aligncenter\"><a href=\"https:\/\/www.kleine-miri.de\/blog\/wp-content\/uploads\/2017\/07\/P1050973_klein.jpg\"><img loading=\"lazy\" decoding=\"async\" aria-describedby=\"caption-attachment-2224\" src=\"https:\/\/www.kleine-miri.de\/blog\/wp-content\/uploads\/2017\/07\/P1050973_klein.jpg\" alt=\"\" width=\"500\" height=\"375\" class=\"size-full wp-image-2224\" srcset=\"https:\/\/www.kleine-miri.de\/blog\/wp-content\/uploads\/2017\/07\/P1050973_klein.jpg 500w, https:\/\/www.kleine-miri.de\/blog\/wp-content\/uploads\/2017\/07\/P1050973_klein-300x225.jpg 300w, https:\/\/www.kleine-miri.de\/blog\/wp-content\/uploads\/2017\/07\/P1050973_klein-260x195.jpg 260w, https:\/\/www.kleine-miri.de\/blog\/wp-content\/uploads\/2017\/07\/P1050973_klein-160x120.jpg 160w\" sizes=\"auto, (max-width: 500px) 100vw, 500px\" \/><\/a><p id=\"caption-attachment-2224\" class=\"wp-caption-text\">Ein Topf ist bewohnt \ud83d\ude42<\/p><\/div>\n<p>Kapuzinerkresse ist, wie ich finde, eine gute Alternative zu Geranien \u2013 sie w\u00e4chst sehr schnell, ist unkompliziert, tr\u00e4gt unerm\u00fcdlich leuchtend rote und gelbe Bl\u00fcten und ist zudem auch bei Hummeln und anderen Insekten sehr beliebt. Ich habe Kapuzinerkresse in PET-Flaschen gepflanzt und \u00fcberall, wo Platz war, aufgeh\u00e4ngt. Auch vertikal \ud83d\ude42<\/p>\n<div id=\"attachment_2225\" style=\"width: 385px\" class=\"wp-caption aligncenter\"><a href=\"https:\/\/www.kleine-miri.de\/blog\/wp-content\/uploads\/2017\/07\/P1050948_klein.jpg\"><img loading=\"lazy\" decoding=\"async\" aria-describedby=\"caption-attachment-2225\" src=\"https:\/\/www.kleine-miri.de\/blog\/wp-content\/uploads\/2017\/07\/P1050948_klein.jpg\" alt=\"\" width=\"375\" height=\"500\" class=\"size-full wp-image-2225\" srcset=\"https:\/\/www.kleine-miri.de\/blog\/wp-content\/uploads\/2017\/07\/P1050948_klein.jpg 375w, https:\/\/www.kleine-miri.de\/blog\/wp-content\/uploads\/2017\/07\/P1050948_klein-225x300.jpg 225w, https:\/\/www.kleine-miri.de\/blog\/wp-content\/uploads\/2017\/07\/P1050948_klein-260x347.jpg 260w, https:\/\/www.kleine-miri.de\/blog\/wp-content\/uploads\/2017\/07\/P1050948_klein-160x213.jpg 160w\" sizes=\"auto, (max-width: 375px) 100vw, 375px\" \/><\/a><p id=\"caption-attachment-2225\" class=\"wp-caption-text\">Vertical gardening mit Kapuzinerkresse<\/p><\/div>\n<p>Ganz besonders stolz bin ich auf meine gelben Zucchinis, die reichlich Fr\u00fcchte tragen. Ich best\u00e4ube meine Zucchinis selbst, indem ich die m\u00e4nnlichen Bl\u00fcten aufhebe. Das Gute ist ja bei der gelben Sorte, dass die weiblichen und m\u00e4nnlichen Zucchinibl\u00fcten ganz einfach zu unterscheiden sind \u2013 die m\u00e4nnlichen sind gr\u00fcn und die weiblichen gelb &#8211; bereits wenn sie noch ganz klein sind.<\/p>\n<div id=\"attachment_2226\" style=\"width: 385px\" class=\"wp-caption aligncenter\"><a href=\"https:\/\/www.kleine-miri.de\/blog\/wp-content\/uploads\/2017\/07\/P1050969_klein.jpg\"><img loading=\"lazy\" decoding=\"async\" aria-describedby=\"caption-attachment-2226\" src=\"https:\/\/www.kleine-miri.de\/blog\/wp-content\/uploads\/2017\/07\/P1050969_klein.jpg\" alt=\"\" width=\"375\" height=\"500\" class=\"size-full wp-image-2226\" srcset=\"https:\/\/www.kleine-miri.de\/blog\/wp-content\/uploads\/2017\/07\/P1050969_klein.jpg 375w, https:\/\/www.kleine-miri.de\/blog\/wp-content\/uploads\/2017\/07\/P1050969_klein-225x300.jpg 225w, https:\/\/www.kleine-miri.de\/blog\/wp-content\/uploads\/2017\/07\/P1050969_klein-260x347.jpg 260w, https:\/\/www.kleine-miri.de\/blog\/wp-content\/uploads\/2017\/07\/P1050969_klein-160x213.jpg 160w\" sizes=\"auto, (max-width: 375px) 100vw, 375px\" \/><\/a><p id=\"caption-attachment-2226\" class=\"wp-caption-text\">Zucchinibl\u00fcten<\/p><\/div>\n<p>Ringelblumen habe ich angepflanzt, damit ich dieses Jahr hoffentlich zum ersten Mal eine eigene Calendula-Creme (nach Miris Rezept!) selber anr\u00fchren kann. Die Bl\u00fctenbl\u00e4tter zupfe ich nach dem Verbl\u00fchen ab, trockne sie und lege sie dann in \u00d6l ein, nachdem im letzten Jahr das \u00d6l durch die frischen Bl\u00fcten umgeschlagen ist&#8230;<\/p>\n<p>Mein kleines Insektenhotel (selbstgebastelt von meiner Mama!) wird leider nicht so richtig angenommen. Ich vermute, es liegt daran, dass dort auch dieses Jahr wieder eine sehr zur\u00fcckgezogene, gestreifte einsame Spinne wohnt, die nicht will, dass in ihrem Haus st\u00e4ndig was ein- und ausfliegt. Heute hatte sie einen guten Tag und lies sich von hinten fotografieren.<\/p>\n<div id=\"attachment_2227\" style=\"width: 510px\" class=\"wp-caption aligncenter\"><a href=\"https:\/\/www.kleine-miri.de\/blog\/wp-content\/uploads\/2017\/07\/P1050953_klein.jpg\"><img loading=\"lazy\" decoding=\"async\" aria-describedby=\"caption-attachment-2227\" src=\"https:\/\/www.kleine-miri.de\/blog\/wp-content\/uploads\/2017\/07\/P1050953_klein.jpg\" alt=\"\" width=\"500\" height=\"375\" class=\"size-full wp-image-2227\" srcset=\"https:\/\/www.kleine-miri.de\/blog\/wp-content\/uploads\/2017\/07\/P1050953_klein.jpg 500w, https:\/\/www.kleine-miri.de\/blog\/wp-content\/uploads\/2017\/07\/P1050953_klein-300x225.jpg 300w, https:\/\/www.kleine-miri.de\/blog\/wp-content\/uploads\/2017\/07\/P1050953_klein-260x195.jpg 260w, https:\/\/www.kleine-miri.de\/blog\/wp-content\/uploads\/2017\/07\/P1050953_klein-160x120.jpg 160w\" sizes=\"auto, (max-width: 500px) 100vw, 500px\" \/><\/a><p id=\"caption-attachment-2227\" class=\"wp-caption-text\">Spinne im Insektenhotel \u2013 wer sieht sie?<\/p><\/div>\n<p>Ich bin gespannt \u00fcber alle anderen Beitr\u00e4ge zum Sommer im Hexengarten!<\/p>\n<p>Viele Gr\u00fc\u00dfe vom Stadtbalkon!<\/p>\n<p>Astrid<\/p>\n","protected":false},"excerpt":{"rendered":"<p>Um sich ein kleines gr\u00fcnes Paradies f\u00fcr Pflanzen, Tiere und die eigene Seele zu gestalten, braucht man wirklich nicht viel Platz. So freue ich mich besonders, euch heute Astrids Stadtbalkon vorstellen zu d\u00fcrfen \ud83d\ude42 Aber lest und seht selbst, was&hellip;<\/p>\n<p class=\"more-link-p\"><a class=\"more-link\" href=\"https:\/\/www.kleine-miri.de\/blog\/2017\/07\/16\/sommer-im-hexengarten-astrids-stadtbalkon\/\">Weiterlesen &rarr;<\/a><\/p>\n","protected":false},"author":1,"featured_media":0,"comment_status":"open","ping_status":"open","sticky":false,"template":"","format":"standard","meta":{"footnotes":""},"categories":[10,4,5,8,7],"tags":[],"class_list":["post-2222","post","type-post","status-publish","format-standard","hentry","category-gartnern","category-krauter","category-kuche","category-natur","category-pflanzen"],"_links":{"self":[{"href":"https:\/\/www.kleine-miri.de\/blog\/wp-json\/wp\/v2\/posts\/2222","targetHints":{"allow":["GET"]}}],"collection":[{"href":"https:\/\/www.kleine-miri.de\/blog\/wp-json\/wp\/v2\/posts"}],"about":[{"href":"https:\/\/www.kleine-miri.de\/blog\/wp-json\/wp\/v2\/types\/post"}],"author":[{"embeddable":true,"href":"https:\/\/www.kleine-miri.de\/blog\/wp-json\/wp\/v2\/users\/1"}],"replies":[{"embeddable":true,"href":"https:\/\/www.kleine-miri.de\/blog\/wp-json\/wp\/v2\/comments?post=2222"}],"version-history":[{"count":1,"href":"https:\/\/www.kleine-miri.de\/blog\/wp-json\/wp\/v2\/posts\/2222\/revisions"}],"predecessor-version":[{"id":2228,"href":"https:\/\/www.kleine-miri.de\/blog\/wp-json\/wp\/v2\/posts\/2222\/revisions\/2228"}],"wp:attachment":[{"href":"https:\/\/www.kleine-miri.de\/blog\/wp-json\/wp\/v2\/media?parent=2222"}],"wp:term":[{"taxonomy":"category","embeddable":true,"href":"https:\/\/www.kleine-miri.de\/blog\/wp-json\/wp\/v2\/categories?post=2222"},{"taxonomy":"post_tag","embeddable":true,"href":"https:\/\/www.kleine-miri.de\/blog\/wp-json\/wp\/v2\/tags?post=2222"}],"curies":[{"name":"wp","href":"https:\/\/api.w.org\/{rel}","templated":true}]}}