{"id":2254,"date":"2017-08-11T14:17:09","date_gmt":"2017-08-11T12:17:09","guid":{"rendered":"https:\/\/www.kleine-miri.de\/blog\/?p=2254"},"modified":"2017-10-07T16:27:52","modified_gmt":"2017-10-07T14:27:52","slug":"sommer-im-hexengarten-zwischenstand-2","status":"publish","type":"post","link":"https:\/\/www.kleine-miri.de\/blog\/2017\/08\/11\/sommer-im-hexengarten-zwischenstand-2\/","title":{"rendered":"Sommer im Hexengarten: Zwischenstand"},"content":{"rendered":"<p><a href=\"https:\/\/www.kleine-miri.de\/blog\/wp-content\/uploads\/2017\/07\/sommer_im_hexengarten_2017.jpg\"><img loading=\"lazy\" decoding=\"async\" src=\"https:\/\/www.kleine-miri.de\/blog\/wp-content\/uploads\/2017\/07\/sommer_im_hexengarten_2017.jpg\" alt=\"\" width=\"500\" height=\"333\" class=\"aligncenter size-full wp-image-2213\" srcset=\"https:\/\/www.kleine-miri.de\/blog\/wp-content\/uploads\/2017\/07\/sommer_im_hexengarten_2017.jpg 500w, https:\/\/www.kleine-miri.de\/blog\/wp-content\/uploads\/2017\/07\/sommer_im_hexengarten_2017-300x200.jpg 300w, https:\/\/www.kleine-miri.de\/blog\/wp-content\/uploads\/2017\/07\/sommer_im_hexengarten_2017-260x173.jpg 260w, https:\/\/www.kleine-miri.de\/blog\/wp-content\/uploads\/2017\/07\/sommer_im_hexengarten_2017-160x107.jpg 160w\" sizes=\"auto, (max-width: 500px) 100vw, 500px\" \/><\/a><\/p>\n<p>Mal sonnig war, mal regnerisch k\u00fchl &#8211; so hat sich der Sommer bei uns bisher gezeigt. Aber auch an den warmen Tagen liegt schon ein eindeutiger Hauch von Sp\u00e4tsommer und Erntezeit in der Luft. H\u00f6chste Zeit also euch einen kleinen Zwischenstand vom Sommer in den verschiedenen Hexeng\u00e4rten zu gebe.<\/p>\n<ul>\n<li>Hier k\u00f6nnt ihr <a href=\"https:\/\/www.kleine-miri.de\/blog\/2017\/07\/16\/sommer-im-hexengarten-astrids-stadtbalkon\/\">Astrids Stadtbalkon<\/a> und seine tierischen und pflanzlichen Bewohner kennen lernen.<\/li>\n<li>Auf Atessas Hexenbalkon gr\u00fcnt und bl\u00fcht auch eine \u00fcppige Vielfalt an Kr\u00e4utern und Blumen. Zwei traumhafte Einblicke gew\u00e4hrt sie uns <a href=\"http:\/\/a-atessa.blogspot.de\/2017\/07\/projekt-hexenbalkon-v-sommer-im.html\">hier<\/a> und <a href=\"http:\/\/a-atessa.blogspot.de\/2017\/07\/projekt-hexenbalkon-vi-update-ii.html\">hier<\/a>.<\/li>\n<li>Bei Doris gibt es leckere Ideen zum <a href=\"https:\/\/efeuwildnis.wordpress.com\/2017\/08\/06\/sommer-im-hexengarten-maggi-aus-dem-beet\/\">Liebst\u00f6ckel<\/a>, dem Maggi aus dem Garten.<\/li>\n<li>Luana stellt uns sch\u00f6ne Kr\u00e4uterhexenideen rund um den <a href=\"http:\/\/durchsmagischejahr.blogspot.de\/2017\/08\/der-salbei-und-ich.html\">Salbei<\/a>.<\/li>\n<li>Und bei mir gibt es eine kleine Geschichte zur Pfefferminze mit einem passenden Rezept f\u00fcr <a href=\"https:\/\/www.kleine-miri.de\/blog\/2017\/07\/29\/sommer-im-hexengarten-after-eight-frisch-vom-balkon\/\">Minzkekse<\/a>.<\/li>\n<\/ul>\n<p>Ganz gro\u00dfen Dankesch\u00f6n, ihr Lieben, f\u00fcr eure tollen Beitr\u00e4ge! Ich bin schon gespannt, wer noch etwas beitragen will, und freue mich schon auf die Einblicke in eure G\u00e4rten und eure Ideen. Ein Bisschen bleibt der Sommer ja hoffentlich noch. Genie\u00dft die gr\u00fcne Zeit!<\/p>\n","protected":false},"excerpt":{"rendered":"<p>Mal sonnig war, mal regnerisch k\u00fchl &#8211; so hat sich der Sommer bei uns bisher gezeigt. Aber auch an den warmen Tagen liegt schon ein eindeutiger Hauch von Sp\u00e4tsommer und Erntezeit in der Luft. H\u00f6chste Zeit also euch einen kleinen&hellip;<\/p>\n<p class=\"more-link-p\"><a class=\"more-link\" href=\"https:\/\/www.kleine-miri.de\/blog\/2017\/08\/11\/sommer-im-hexengarten-zwischenstand-2\/\">Weiterlesen &rarr;<\/a><\/p>\n","protected":false},"author":1,"featured_media":0,"comment_status":"open","ping_status":"open","sticky":false,"template":"","format":"standard","meta":{"footnotes":""},"categories":[1,10,4,5,7],"tags":[],"class_list":["post-2254","post","type-post","status-publish","format-standard","hentry","category-allgemein","category-gartnern","category-krauter","category-kuche","category-pflanzen"],"_links":{"self":[{"href":"https:\/\/www.kleine-miri.de\/blog\/wp-json\/wp\/v2\/posts\/2254","targetHints":{"allow":["GET"]}}],"collection":[{"href":"https:\/\/www.kleine-miri.de\/blog\/wp-json\/wp\/v2\/posts"}],"about":[{"href":"https:\/\/www.kleine-miri.de\/blog\/wp-json\/wp\/v2\/types\/post"}],"author":[{"embeddable":true,"href":"https:\/\/www.kleine-miri.de\/blog\/wp-json\/wp\/v2\/users\/1"}],"replies":[{"embeddable":true,"href":"https:\/\/www.kleine-miri.de\/blog\/wp-json\/wp\/v2\/comments?post=2254"}],"version-history":[{"count":8,"href":"https:\/\/www.kleine-miri.de\/blog\/wp-json\/wp\/v2\/posts\/2254\/revisions"}],"predecessor-version":[{"id":2290,"href":"https:\/\/www.kleine-miri.de\/blog\/wp-json\/wp\/v2\/posts\/2254\/revisions\/2290"}],"wp:attachment":[{"href":"https:\/\/www.kleine-miri.de\/blog\/wp-json\/wp\/v2\/media?parent=2254"}],"wp:term":[{"taxonomy":"category","embeddable":true,"href":"https:\/\/www.kleine-miri.de\/blog\/wp-json\/wp\/v2\/categories?post=2254"},{"taxonomy":"post_tag","embeddable":true,"href":"https:\/\/www.kleine-miri.de\/blog\/wp-json\/wp\/v2\/tags?post=2254"}],"curies":[{"name":"wp","href":"https:\/\/api.w.org\/{rel}","templated":true}]}}