{"id":2272,"date":"2017-09-06T20:54:10","date_gmt":"2017-09-06T18:54:10","guid":{"rendered":"https:\/\/www.kleine-miri.de\/blog\/?p=2272"},"modified":"2017-09-06T20:54:10","modified_gmt":"2017-09-06T18:54:10","slug":"sommer-im-hexengarten-goldeules-gruenes-paradies","status":"publish","type":"post","link":"https:\/\/www.kleine-miri.de\/blog\/2017\/09\/06\/sommer-im-hexengarten-goldeules-gruenes-paradies\/","title":{"rendered":"Sommer im Hexengarten: Goldeules gr\u00fcnes Paradies"},"content":{"rendered":"<p>Heute freue ich mich besonders, euch Goldeules Gastbeitrag zum <em>Sommer im Hexengarten<\/em> pr\u00e4sentieren zu d\u00fcrfen. Da sie von Anfang an mit dabei war, ist es total spannend zu sehen, wie sich ihr Garten mit der Zeit ver\u00e4ndert hat. Da wird jedes Jahr ein bisschen was neues ausprobiert &#8211; mit viel Liebe und einem gro\u00dfen Herz f\u00fcr die anderen Gartenbewohner. Aber seht euch selbst an, was sie Sch\u00f6nes geschrieben und fotografiert hat.<\/p>\n<p><strong>Gastbeitrag von Goldeule<\/strong><\/p>\n<p>Liebe Mirjam, <\/p>\n<p>bei Deinem blog-event \u201eSommer im Hexengarten\u201c bin ich wieder sehr gerne dabei \ud83d\ude42 . <\/p>\n<p>Unsere Pl\u00e4ne vom letzten Jahr haben wir ein gutes St\u00fcck verwirklichen k\u00f6nnen. Der Schwerpunkt liegt nun eindeutig auf Kr\u00e4utern und Blumen, die Bienen, Hummeln &#038; Schmetterlingen schmecken. Auch ist noch eine Vogeltr\u00e4nke dazugekommen. Sie h\u00e4ngt im Apfelbaum (im Nachbargarten ist eine Katze eingezogen, daher dachten wir uns, da\u00df ein guter Abstand zum Boden doch angebracht ist) und wird von den Meisen besonders gern besucht. <\/p>\n<p>Wir lieben beide Lavendel sehr, daher gibt es in unserem Garten nicht nur einzeln stehende Lavendelpflanzen, sondern auch ein kleines Feld mit Lavendel in verschiedenen Farbt\u00f6nen von Wei\u00df bis Tief-Lila. <\/p>\n<div id=\"attachment_2275\" style=\"width: 310px\" class=\"wp-caption aligncenter\"><a href=\"https:\/\/www.kleine-miri.de\/blog\/wp-content\/uploads\/2017\/09\/Beitrag-Goldeule-zum-blog-event-Sommer-im-Hexengarten-2017.jpeg\"><img loading=\"lazy\" decoding=\"async\" aria-describedby=\"caption-attachment-2275\" src=\"https:\/\/www.kleine-miri.de\/blog\/wp-content\/uploads\/2017\/09\/Beitrag-Goldeule-zum-blog-event-Sommer-im-Hexengarten-2017.jpeg\" alt=\"\" width=\"300\" height=\"429\" class=\"size-full wp-image-2275\" srcset=\"https:\/\/www.kleine-miri.de\/blog\/wp-content\/uploads\/2017\/09\/Beitrag-Goldeule-zum-blog-event-Sommer-im-Hexengarten-2017.jpeg 300w, https:\/\/www.kleine-miri.de\/blog\/wp-content\/uploads\/2017\/09\/Beitrag-Goldeule-zum-blog-event-Sommer-im-Hexengarten-2017-210x300.jpeg 210w, https:\/\/www.kleine-miri.de\/blog\/wp-content\/uploads\/2017\/09\/Beitrag-Goldeule-zum-blog-event-Sommer-im-Hexengarten-2017-260x372.jpeg 260w, https:\/\/www.kleine-miri.de\/blog\/wp-content\/uploads\/2017\/09\/Beitrag-Goldeule-zum-blog-event-Sommer-im-Hexengarten-2017-160x229.jpeg 160w\" sizes=\"auto, (max-width: 300px) 100vw, 300px\" \/><\/a><p id=\"caption-attachment-2275\" class=\"wp-caption-text\">Der Lavendel bl\u00fcht in Goldeules Garten wei\u00df und violett.<\/p><\/div>\n<p>F\u00fcr mich ist es etwas ganz Besonderes, da\u00df nun ein Holunder bei uns w\u00e4chst. Pl\u00f6tzlich tauchte er an der Eibenhecke auf und ist nun schon eindrucksvoll gro\u00df geworden. Im n\u00e4chsten Fr\u00fchjahr m\u00f6chte ich sehr gerne in seinem Schatten einen kleinen Sitzplatz anlegen. <\/p>\n<div id=\"attachment_2276\" style=\"width: 360px\" class=\"wp-caption aligncenter\"><a href=\"https:\/\/www.kleine-miri.de\/blog\/wp-content\/uploads\/2017\/09\/Holunder_vor_Sommerhimmel.jpg\"><img loading=\"lazy\" decoding=\"async\" aria-describedby=\"caption-attachment-2276\" src=\"https:\/\/www.kleine-miri.de\/blog\/wp-content\/uploads\/2017\/09\/Holunder_vor_Sommerhimmel.jpg\" alt=\"\" width=\"350\" height=\"483\" class=\"size-full wp-image-2276\" srcset=\"https:\/\/www.kleine-miri.de\/blog\/wp-content\/uploads\/2017\/09\/Holunder_vor_Sommerhimmel.jpg 350w, https:\/\/www.kleine-miri.de\/blog\/wp-content\/uploads\/2017\/09\/Holunder_vor_Sommerhimmel-217x300.jpg 217w, https:\/\/www.kleine-miri.de\/blog\/wp-content\/uploads\/2017\/09\/Holunder_vor_Sommerhimmel-260x359.jpg 260w, https:\/\/www.kleine-miri.de\/blog\/wp-content\/uploads\/2017\/09\/Holunder_vor_Sommerhimmel-160x221.jpg 160w\" sizes=\"auto, (max-width: 350px) 100vw, 350px\" \/><\/a><p id=\"caption-attachment-2276\" class=\"wp-caption-text\">Hier reifen die Holunderbeeren in der Sonne.<\/p><\/div>\n<p>In diesem Jahr haben wir es mit der Aussaat von Phazelien versucht, die ja als Bienenweide gelten. Hat auch geklappt, sieht auch h\u00fcbsch aus, doch unsere Bienen haben scheinbar gar keinen so gro\u00dfen Appetit darauf. <\/p>\n<div id=\"attachment_2277\" style=\"width: 510px\" class=\"wp-caption aligncenter\"><a href=\"https:\/\/www.kleine-miri.de\/blog\/wp-content\/uploads\/2017\/09\/Phazelien.jpg\"><img loading=\"lazy\" decoding=\"async\" aria-describedby=\"caption-attachment-2277\" src=\"https:\/\/www.kleine-miri.de\/blog\/wp-content\/uploads\/2017\/09\/Phazelien.jpg\" alt=\"\" width=\"500\" height=\"457\" class=\"size-full wp-image-2277\" srcset=\"https:\/\/www.kleine-miri.de\/blog\/wp-content\/uploads\/2017\/09\/Phazelien.jpg 500w, https:\/\/www.kleine-miri.de\/blog\/wp-content\/uploads\/2017\/09\/Phazelien-300x274.jpg 300w, https:\/\/www.kleine-miri.de\/blog\/wp-content\/uploads\/2017\/09\/Phazelien-260x238.jpg 260w, https:\/\/www.kleine-miri.de\/blog\/wp-content\/uploads\/2017\/09\/Phazelien-160x146.jpg 160w\" sizes=\"auto, (max-width: 500px) 100vw, 500px\" \/><\/a><p id=\"caption-attachment-2277\" class=\"wp-caption-text\">Die Phacelie schm\u00fcckt mir zart-violetten Bl\u00fcten den Garten.<\/p><\/div>\n<p>Also \u00fcberdenken wir unser Bienen-Buffet-Angebot noch einmal, denn es soll so vielf\u00e4ltig und gut wie m\u00f6glich sein. <\/p>\n<div id=\"attachment_2278\" style=\"width: 394px\" class=\"wp-caption aligncenter\"><a href=\"https:\/\/www.kleine-miri.de\/blog\/wp-content\/uploads\/2017\/09\/zwei_Bienen.jpg\"><img loading=\"lazy\" decoding=\"async\" aria-describedby=\"caption-attachment-2278\" src=\"https:\/\/www.kleine-miri.de\/blog\/wp-content\/uploads\/2017\/09\/zwei_Bienen.jpg\" alt=\"\" width=\"384\" height=\"500\" class=\"size-full wp-image-2278\" srcset=\"https:\/\/www.kleine-miri.de\/blog\/wp-content\/uploads\/2017\/09\/zwei_Bienen.jpg 384w, https:\/\/www.kleine-miri.de\/blog\/wp-content\/uploads\/2017\/09\/zwei_Bienen-230x300.jpg 230w, https:\/\/www.kleine-miri.de\/blog\/wp-content\/uploads\/2017\/09\/zwei_Bienen-260x339.jpg 260w, https:\/\/www.kleine-miri.de\/blog\/wp-content\/uploads\/2017\/09\/zwei_Bienen-160x208.jpg 160w\" sizes=\"auto, (max-width: 384px) 100vw, 384px\" \/><\/a><p id=\"caption-attachment-2278\" class=\"wp-caption-text\">Hier tun sich zwei Bienchen an der Bl\u00fctenpracht g\u00fctlich.<\/p><\/div>\n<p>Ein paar Vitamine haben wir in diesem Jahr auch f\u00fcr uns neu angepflanzt und zwar in der Form von Pfl\u00fccksalat. Eine sehr leckere und praktische Sache. <\/p>\n<div id=\"attachment_2274\" style=\"width: 510px\" class=\"wp-caption aligncenter\"><a href=\"https:\/\/www.kleine-miri.de\/blog\/wp-content\/uploads\/2017\/09\/Beitrag-Goldeule-zum-blog-event-Sommer-im-Hexengarten-20171.jpeg\"><img loading=\"lazy\" decoding=\"async\" aria-describedby=\"caption-attachment-2274\" src=\"https:\/\/www.kleine-miri.de\/blog\/wp-content\/uploads\/2017\/09\/Beitrag-Goldeule-zum-blog-event-Sommer-im-Hexengarten-20171.jpeg\" alt=\"\" width=\"500\" height=\"460\" class=\"size-full wp-image-2274\" srcset=\"https:\/\/www.kleine-miri.de\/blog\/wp-content\/uploads\/2017\/09\/Beitrag-Goldeule-zum-blog-event-Sommer-im-Hexengarten-20171.jpeg 500w, https:\/\/www.kleine-miri.de\/blog\/wp-content\/uploads\/2017\/09\/Beitrag-Goldeule-zum-blog-event-Sommer-im-Hexengarten-20171-300x276.jpeg 300w, https:\/\/www.kleine-miri.de\/blog\/wp-content\/uploads\/2017\/09\/Beitrag-Goldeule-zum-blog-event-Sommer-im-Hexengarten-20171-260x239.jpeg 260w, https:\/\/www.kleine-miri.de\/blog\/wp-content\/uploads\/2017\/09\/Beitrag-Goldeule-zum-blog-event-Sommer-im-Hexengarten-20171-160x147.jpeg 160w\" sizes=\"auto, (max-width: 500px) 100vw, 500px\" \/><\/a><p id=\"caption-attachment-2274\" class=\"wp-caption-text\">Und ein bisschen was Gesundes f\u00fcr die K\u00fcche darf nicht fehlen.<\/p><\/div>\n<p>mit einem herzlichen Gru\u00df!<\/p>\n<p>Goldeule<\/p>\n","protected":false},"excerpt":{"rendered":"<p>Heute freue ich mich besonders, euch Goldeules Gastbeitrag zum Sommer im Hexengarten pr\u00e4sentieren zu d\u00fcrfen. Da sie von Anfang an mit dabei war, ist es total spannend zu sehen, wie sich ihr Garten mit der Zeit ver\u00e4ndert hat. Da wird&hellip;<\/p>\n<p class=\"more-link-p\"><a class=\"more-link\" href=\"https:\/\/www.kleine-miri.de\/blog\/2017\/09\/06\/sommer-im-hexengarten-goldeules-gruenes-paradies\/\">Weiterlesen &rarr;<\/a><\/p>\n","protected":false},"author":1,"featured_media":0,"comment_status":"open","ping_status":"open","sticky":false,"template":"","format":"standard","meta":{"footnotes":""},"categories":[1,10,8,7],"tags":[],"class_list":["post-2272","post","type-post","status-publish","format-standard","hentry","category-allgemein","category-gartnern","category-natur","category-pflanzen"],"_links":{"self":[{"href":"https:\/\/www.kleine-miri.de\/blog\/wp-json\/wp\/v2\/posts\/2272","targetHints":{"allow":["GET"]}}],"collection":[{"href":"https:\/\/www.kleine-miri.de\/blog\/wp-json\/wp\/v2\/posts"}],"about":[{"href":"https:\/\/www.kleine-miri.de\/blog\/wp-json\/wp\/v2\/types\/post"}],"author":[{"embeddable":true,"href":"https:\/\/www.kleine-miri.de\/blog\/wp-json\/wp\/v2\/users\/1"}],"replies":[{"embeddable":true,"href":"https:\/\/www.kleine-miri.de\/blog\/wp-json\/wp\/v2\/comments?post=2272"}],"version-history":[{"count":6,"href":"https:\/\/www.kleine-miri.de\/blog\/wp-json\/wp\/v2\/posts\/2272\/revisions"}],"predecessor-version":[{"id":2284,"href":"https:\/\/www.kleine-miri.de\/blog\/wp-json\/wp\/v2\/posts\/2272\/revisions\/2284"}],"wp:attachment":[{"href":"https:\/\/www.kleine-miri.de\/blog\/wp-json\/wp\/v2\/media?parent=2272"}],"wp:term":[{"taxonomy":"category","embeddable":true,"href":"https:\/\/www.kleine-miri.de\/blog\/wp-json\/wp\/v2\/categories?post=2272"},{"taxonomy":"post_tag","embeddable":true,"href":"https:\/\/www.kleine-miri.de\/blog\/wp-json\/wp\/v2\/tags?post=2272"}],"curies":[{"name":"wp","href":"https:\/\/api.w.org\/{rel}","templated":true}]}}