{"id":2404,"date":"2018-09-14T15:13:22","date_gmt":"2018-09-14T13:13:22","guid":{"rendered":"https:\/\/www.kleine-miri.de\/blog\/?p=2404"},"modified":"2018-09-14T15:13:22","modified_gmt":"2018-09-14T13:13:22","slug":"sommer-im-hexengarten-das-aroma-fuer-den-winter-bewahren","status":"publish","type":"post","link":"https:\/\/www.kleine-miri.de\/blog\/2018\/09\/14\/sommer-im-hexengarten-das-aroma-fuer-den-winter-bewahren\/","title":{"rendered":"Sommer im Hexengarten: Das Aroma f\u00fcr den Winter bewahren"},"content":{"rendered":"<div id=\"attachment_2405\" style=\"width: 610px\" class=\"wp-caption aligncenter\"><a href=\"https:\/\/www.kleine-miri.de\/blog\/wp-content\/uploads\/2018\/09\/kraeuterernte.jpg\"><img loading=\"lazy\" decoding=\"async\" aria-describedby=\"caption-attachment-2405\" src=\"https:\/\/www.kleine-miri.de\/blog\/wp-content\/uploads\/2018\/09\/kraeuterernte.jpg\" alt=\"\" width=\"600\" height=\"400\" class=\"size-full wp-image-2405\" srcset=\"https:\/\/www.kleine-miri.de\/blog\/wp-content\/uploads\/2018\/09\/kraeuterernte.jpg 600w, https:\/\/www.kleine-miri.de\/blog\/wp-content\/uploads\/2018\/09\/kraeuterernte-300x200.jpg 300w, https:\/\/www.kleine-miri.de\/blog\/wp-content\/uploads\/2018\/09\/kraeuterernte-560x373.jpg 560w, https:\/\/www.kleine-miri.de\/blog\/wp-content\/uploads\/2018\/09\/kraeuterernte-260x173.jpg 260w, https:\/\/www.kleine-miri.de\/blog\/wp-content\/uploads\/2018\/09\/kraeuterernte-160x107.jpg 160w\" sizes=\"auto, (max-width: 600px) 100vw, 600px\" \/><\/a><p id=\"caption-attachment-2405\" class=\"wp-caption-text\">Leider wohl schon eine der letzten Kr\u00e4uterernten f\u00fcr diese Saison&#8230;<\/p><\/div>\n<p>So sehr ich den Herbst mag, etwas traurig stimmt er mich schon immer, wenn ich daran denke, dass bald die Zeit ohne frische Kr\u00e4uter vom Balkon kommt. Es soll ja Menschen geben, die ohne Kr\u00e4uter kochen. Ich geh\u00f6re definitiv nicht dazu und am besten sind sie nat\u00fcrlich frisch geerntet. Gerade in die Salatso\u00dfe geh\u00f6ren f\u00fcr mich auch einfach Kr\u00e4uter, am liebsten nat\u00fcrlich der Estragon. Eine Variante, zumindest das Aroma der Kr\u00e4uter zu bewahren, ist, einen Kr\u00e4uteressig herzustellen. Mein Estragonessig ist auch schon in Bearbeitung. Da ich neben Essig, \u00d6l und Salz auch gerne Senf und Honig in die Vinaigrette gebe, habe ich diesmal etwas neues ausprobiert: einen Kr\u00e4uter-Senf-Honig. Honig bewahrt Aromen auch gut auf und die Kombination Senf und Honig ist einfach genial. Deswegen habe ich diesmal einfach <\/p>\n<p>frische Kr\u00e4uter (Estragon, Basilikum, Majoran, Rosmarin)<br \/>\nSenfk\u00f6rner und<br \/>\nHonig<\/p>\n<p>abwechseln in ein Glas geschichtet. Lecker schmeckt es auch so schon, aber eigentlich soll es erst ein paar Wochen an einem w\u00e4rmeren Ort ziehen, bevor es mit in die Salatso\u00dfe kommt.<\/p>\n<div id=\"attachment_2406\" style=\"width: 610px\" class=\"wp-caption aligncenter\"><a href=\"https:\/\/www.kleine-miri.de\/blog\/wp-content\/uploads\/2018\/09\/kraeutersenfhonig_01.jpg\"><img loading=\"lazy\" decoding=\"async\" aria-describedby=\"caption-attachment-2406\" src=\"https:\/\/www.kleine-miri.de\/blog\/wp-content\/uploads\/2018\/09\/kraeutersenfhonig_01.jpg\" alt=\"\" width=\"600\" height=\"400\" class=\"size-full wp-image-2406\" srcset=\"https:\/\/www.kleine-miri.de\/blog\/wp-content\/uploads\/2018\/09\/kraeutersenfhonig_01.jpg 600w, https:\/\/www.kleine-miri.de\/blog\/wp-content\/uploads\/2018\/09\/kraeutersenfhonig_01-300x200.jpg 300w, https:\/\/www.kleine-miri.de\/blog\/wp-content\/uploads\/2018\/09\/kraeutersenfhonig_01-560x373.jpg 560w, https:\/\/www.kleine-miri.de\/blog\/wp-content\/uploads\/2018\/09\/kraeutersenfhonig_01-260x173.jpg 260w, https:\/\/www.kleine-miri.de\/blog\/wp-content\/uploads\/2018\/09\/kraeutersenfhonig_01-160x107.jpg 160w\" sizes=\"auto, (max-width: 600px) 100vw, 600px\" \/><\/a><p id=\"caption-attachment-2406\" class=\"wp-caption-text\">Kr\u00e4uter, Senf und Honig &#8211; die Mischung schmeckt auch so schon lecker&#8230;<\/p><\/div>\n<div id=\"attachment_2407\" style=\"width: 610px\" class=\"wp-caption aligncenter\"><a href=\"https:\/\/www.kleine-miri.de\/blog\/wp-content\/uploads\/2018\/09\/kraeutersenfhonig_02.jpg\"><img loading=\"lazy\" decoding=\"async\" aria-describedby=\"caption-attachment-2407\" src=\"https:\/\/www.kleine-miri.de\/blog\/wp-content\/uploads\/2018\/09\/kraeutersenfhonig_02.jpg\" alt=\"\" width=\"600\" height=\"400\" class=\"size-full wp-image-2407\" srcset=\"https:\/\/www.kleine-miri.de\/blog\/wp-content\/uploads\/2018\/09\/kraeutersenfhonig_02.jpg 600w, https:\/\/www.kleine-miri.de\/blog\/wp-content\/uploads\/2018\/09\/kraeutersenfhonig_02-300x200.jpg 300w, https:\/\/www.kleine-miri.de\/blog\/wp-content\/uploads\/2018\/09\/kraeutersenfhonig_02-560x373.jpg 560w, https:\/\/www.kleine-miri.de\/blog\/wp-content\/uploads\/2018\/09\/kraeutersenfhonig_02-260x173.jpg 260w, https:\/\/www.kleine-miri.de\/blog\/wp-content\/uploads\/2018\/09\/kraeutersenfhonig_02-160x107.jpg 160w\" sizes=\"auto, (max-width: 600px) 100vw, 600px\" \/><\/a><p id=\"caption-attachment-2407\" class=\"wp-caption-text\">&#8230; aber mit etwas Geduld wird sie bestimmt noch besser \ud83d\ude09<\/p><\/div>\n<p>Zum Experimentieren mit Senfk\u00f6rnern kann ich euch nur ermutigen. Viele von uns kennen Senf ja vorwiegend als gelbe Paste aus dem Glas, aber das eigentliche Gew\u00fcrz sind die Senfk\u00f6rner. Sie schmecken nicht nur lecker &#8211; so leicht scharf aromatisch &#8211; sondern sind auch sehr gesund. Die Senf\u00f6lglycoside, die ihnen ihre Sch\u00e4rfe geben, z\u00e4hlen zu den pflanzlichen Antibiotika. Man findet sie in fast allen Vertretern der Pflanzenfamilie der Kreuzbl\u00fctler wie Senf, Meerrettich, Kohl, Kresse und Broccoli. Gerade wenn die Erk\u00e4ltungszeit sich wieder ank\u00fcndigt, lohnt es sich, sie regelm\u00e4\u00dfig in den Speiseplan aufzunehmen. Egal ob als Senfk\u00f6rner, Krautsalat oder Broccolisprossen.<\/p>\n<p>Im Mittelalter stand Senf am Hofe des Papstes so hoch im Kurs, dass es das Amt des Senfmeisters (franz. <em>moutardier du Pape<\/em>) gab. Und das war kein ganz niederes Amt. Eine sehr sch\u00f6ne Geschichte um die sanfte Mauleselin des Papstes Bonifazius in Avignon und einen ehrgeizigen Empork\u00f6mmling, der es (fast) zum Obersenfmeister des Papstes gebracht h\u00e4tte, erz\u00e4hlt Alphonse Daudet in seinen &#8222;Briefen aus meiner M\u00fchle&#8220;. Falls ihr Lust habt diese zauberhafte Geschichte <em>aus der Bibliothek des Zikaden<\/em> nachzulesen, gibt es sie auf Deutsch beim <a href=\"http:\/\/gutenberg.spiegel.de\/buch\/-2829\/9\">Projekt Gutenberg<\/a> und auf Franz\u00f6sisch gibt es viele sch\u00f6ne Interpretationen vorgelesen und mit Bilder bei youtube. Einfach nach &#8222;La mule du pape&#8220; suchen.<\/p>\n<p>Und habt ihr euch auch schon flei\u00dfig Vorr\u00e4te f\u00fcr den Winter angelegt oder seid gerade dabei? Auf jeden Fall hoffe ich, ihr genie\u00dft die letzten sp\u00e4tsommerlichen Tage.<\/p>\n","protected":false},"excerpt":{"rendered":"<p>So sehr ich den Herbst mag, etwas traurig stimmt er mich schon immer, wenn ich daran denke, dass bald die Zeit ohne frische Kr\u00e4uter vom Balkon kommt. Es soll ja Menschen geben, die ohne Kr\u00e4uter kochen. Ich geh\u00f6re definitiv nicht&hellip;<\/p>\n<p class=\"more-link-p\"><a class=\"more-link\" href=\"https:\/\/www.kleine-miri.de\/blog\/2018\/09\/14\/sommer-im-hexengarten-das-aroma-fuer-den-winter-bewahren\/\">Weiterlesen &rarr;<\/a><\/p>\n","protected":false},"author":1,"featured_media":0,"comment_status":"open","ping_status":"open","sticky":false,"template":"","format":"standard","meta":{"footnotes":""},"categories":[10,14,12,4,5],"tags":[],"class_list":["post-2404","post","type-post","status-publish","format-standard","hentry","category-gartnern","category-geschichten","category-gesundheit","category-krauter","category-kuche"],"_links":{"self":[{"href":"https:\/\/www.kleine-miri.de\/blog\/wp-json\/wp\/v2\/posts\/2404","targetHints":{"allow":["GET"]}}],"collection":[{"href":"https:\/\/www.kleine-miri.de\/blog\/wp-json\/wp\/v2\/posts"}],"about":[{"href":"https:\/\/www.kleine-miri.de\/blog\/wp-json\/wp\/v2\/types\/post"}],"author":[{"embeddable":true,"href":"https:\/\/www.kleine-miri.de\/blog\/wp-json\/wp\/v2\/users\/1"}],"replies":[{"embeddable":true,"href":"https:\/\/www.kleine-miri.de\/blog\/wp-json\/wp\/v2\/comments?post=2404"}],"version-history":[{"count":1,"href":"https:\/\/www.kleine-miri.de\/blog\/wp-json\/wp\/v2\/posts\/2404\/revisions"}],"predecessor-version":[{"id":2408,"href":"https:\/\/www.kleine-miri.de\/blog\/wp-json\/wp\/v2\/posts\/2404\/revisions\/2408"}],"wp:attachment":[{"href":"https:\/\/www.kleine-miri.de\/blog\/wp-json\/wp\/v2\/media?parent=2404"}],"wp:term":[{"taxonomy":"category","embeddable":true,"href":"https:\/\/www.kleine-miri.de\/blog\/wp-json\/wp\/v2\/categories?post=2404"},{"taxonomy":"post_tag","embeddable":true,"href":"https:\/\/www.kleine-miri.de\/blog\/wp-json\/wp\/v2\/tags?post=2404"}],"curies":[{"name":"wp","href":"https:\/\/api.w.org\/{rel}","templated":true}]}}