{"id":2574,"date":"2020-06-01T18:14:02","date_gmt":"2020-06-01T16:14:02","guid":{"rendered":"https:\/\/www.kleine-miri.de\/blog\/?p=2574"},"modified":"2020-06-01T18:14:02","modified_gmt":"2020-06-01T16:14:02","slug":"blog-event-sommer-im-hexengarten-2020","status":"publish","type":"post","link":"https:\/\/www.kleine-miri.de\/blog\/2020\/06\/01\/blog-event-sommer-im-hexengarten-2020\/","title":{"rendered":"Blog-Event: Sommer im Hexengarten 2020"},"content":{"rendered":"\n<p><\/p>\n\n\n\n<div class=\"wp-block-image\"><figure class=\"aligncenter size-large\"><img loading=\"lazy\" decoding=\"async\" width=\"800\" height=\"533\" src=\"https:\/\/www.kleine-miri.de\/blog\/wp-content\/uploads\/2020\/06\/Sommer_im_Hexngarten._800px.jpg\" alt=\"\" class=\"wp-image-2575\" srcset=\"https:\/\/www.kleine-miri.de\/blog\/wp-content\/uploads\/2020\/06\/Sommer_im_Hexngarten._800px.jpg 800w, https:\/\/www.kleine-miri.de\/blog\/wp-content\/uploads\/2020\/06\/Sommer_im_Hexngarten._800px-300x200.jpg 300w, https:\/\/www.kleine-miri.de\/blog\/wp-content\/uploads\/2020\/06\/Sommer_im_Hexngarten._800px-768x512.jpg 768w, https:\/\/www.kleine-miri.de\/blog\/wp-content\/uploads\/2020\/06\/Sommer_im_Hexngarten._800px-600x400.jpg 600w, https:\/\/www.kleine-miri.de\/blog\/wp-content\/uploads\/2020\/06\/Sommer_im_Hexngarten._800px-560x373.jpg 560w, https:\/\/www.kleine-miri.de\/blog\/wp-content\/uploads\/2020\/06\/Sommer_im_Hexngarten._800px-260x173.jpg 260w, https:\/\/www.kleine-miri.de\/blog\/wp-content\/uploads\/2020\/06\/Sommer_im_Hexngarten._800px-160x107.jpg 160w\" sizes=\"auto, (max-width: 800px) 100vw, 800px\" \/><figcaption><em>Es ist wieder soweit! Seid ihr dabei?<\/em><\/figcaption><\/figure><\/div>\n\n\n\n<p>Holunder und Heckenrosen bl\u00fchen, die allerersten fr\u00fchen Kirschen fangen schon an reif zu werden. Die Natur hat also von Vollfr\u00fchling auf Fr\u00fchsommer umgestellt. Nach einem Jahr Pause ist es nun h\u00f6chste Zeit f\u00fcr einen neuen \u201eSommer im Hexengarten\u201c. F\u00fcr mich ist es auch ein ganz besonderer Sommer, der da bevorsteht, n\u00e4mlich der erste in meinem eigenen Hexengarten. Wie ich schon geschrieben habe, bin ich von der Balkong\u00e4rtnerin zur echten Garteng\u00e4rtnerin aufgestiegen. Neben einigen alten Bekannten, die vom Balkon auf die Terrasse umgezogen sind, sind nat\u00fcrlich viele neue Pflanzen dazugekommen. Selbstgezogene, von den Vorbewohnern \u00fcbernommene, Geschenkte und welche, die halt einfach wild dort wachsen. In den letzten Wochen war der Garten f\u00fcr mich wie eine gro\u00dfe Wundert\u00fcte. St\u00e4ndig zeigten sich neue Bl\u00e4tter und Bl\u00fcten. Jede Menge Potenzial also f\u00fcr tolle Rezepte und Einblicke in mein neues Reich. Und wie sieht es bei euch aus? Habt ihr Lust, uns ein paar Einblicke in eure kleinen und gro\u00dfen Hexeng\u00e4rten zu schenken und vielleicht auch das ein oder andere Kr\u00e4utergeheimnis zu verraten? Ich freue mich schon darauf. Mitmachen geht mit und ohne eigenen Blog\/eigene Website ganz einfach, so wie es sich bisher bew\u00e4hrt hat.<\/p>\n\n\n\n<p><strong>Wie geht\u2019s?<\/strong><\/p>\n\n\n\n<p>1. Schreibt einen oder gerne auch mehrere Beitr\u00e4ge \u00fcber euren Hexengarten. Habt ihr vielleicht einen oder mehre gr\u00fcne Lieblinge, die dort w\u00e4chsen und mit denen man etwas Leckeres, Gesundes oder Sch\u00f6nes machen kann? Oder ganz viele verschiedene Pflanzen, die h\u00fcbsch bl\u00fchen oder flei\u00dfig Fr\u00fcchte produzieren? Eine, auf die ihr ganz besonders stolz seid? Gebt einfach einen kleinen Einblick in euren Hexengarten, gerne auch mit passendem Rezept. Das Banner hier d\u00fcrft ihr euch nat\u00fcrlich genau daf\u00fcr mitnehmen.<\/p>\n\n\n\n<p>2. Hinterlasst einen Kommentar mit eurem Namen und eurer Blog-URL unter diesem Beitrag, damit ich wei\u00df, wer alles mitmacht.<\/p>\n\n\n\n<p>3. Die Aktion l\u00e4uft passend zum Namen bis zum Herbstanfang, der diesmal auf den 22. September f\u00e4llt. Wer bis dahin einen oder mehrere Beitr\u00e4ge verfasst hat (und nicht ausdr\u00fccklich widersprochen), h\u00fcpft mit in den Lostopf. Unter allen Teilnehmern verlose ich dann eine kleine \u00dcberraschung zum Thema Hexengarten. Falls wieder besonders Flei\u00dfige dabei sind, behalte ich mir auch diesmal wieder vor, einen kleinen Flei\u00dfsonderpreis zu vergeben. Ich werde versuchen in regelm\u00e4\u00dfigen Abst\u00e4nden eine Link-Sammlung mit euren Beitr\u00e4gen hier zu posten, damit wir uns virtuell \u00fcber die Gartenz\u00e4une schauen k\u00f6nnen<\/p>\n\n\n\n<p><strong>Wer kann mitmachen?<\/strong><\/p>\n\n\n\n<p>Wie immer nat\u00fcrlich alle, die selbst einen Blog haben, aber auch meine Leserinnen ohne eigenen Blog will ich nicht ausschlie\u00dfen. Wahrscheinlich sind letztere inzwischen in der \u00dcberzahl, weil bloggen nicht mehr ganz so in ist. Wenn du keinen Blog hast und auch mitmachen willst, schreibe mir doch einfach eine mail (mirjam[at]kleine-miri.de), dann darf dein Beitrag gerne auf meinen Blog als Gastbeitrag erscheinen.<\/p>\n\n\n\n<p><strong>Bis wann?<\/strong><\/p>\n\n\n\n<p>Bis einschlie\u00dflich 22.9.2020. Dann ist der Sommer zumindest astronomisch vorbei.<\/p>\n\n\n\n<p>Ich freue mich schon sehr darauf, von euren G\u00e4rten zu lesen und aus meinem zu berichten \ud83d\ude42<\/p>\n\n\n\n<div class=\"wp-block-image\"><figure class=\"aligncenter size-large\"><img loading=\"lazy\" decoding=\"async\" width=\"400\" height=\"267\" src=\"https:\/\/www.kleine-miri.de\/blog\/wp-content\/uploads\/2020\/06\/Sommer_im_Hexngarten._400px.jpg\" alt=\"\" class=\"wp-image-2576\" srcset=\"https:\/\/www.kleine-miri.de\/blog\/wp-content\/uploads\/2020\/06\/Sommer_im_Hexngarten._400px.jpg 400w, https:\/\/www.kleine-miri.de\/blog\/wp-content\/uploads\/2020\/06\/Sommer_im_Hexngarten._400px-300x200.jpg 300w, https:\/\/www.kleine-miri.de\/blog\/wp-content\/uploads\/2020\/06\/Sommer_im_Hexngarten._400px-260x174.jpg 260w, https:\/\/www.kleine-miri.de\/blog\/wp-content\/uploads\/2020\/06\/Sommer_im_Hexngarten._400px-160x107.jpg 160w\" sizes=\"auto, (max-width: 400px) 100vw, 400px\" \/><\/figure><\/div>\n","protected":false},"excerpt":{"rendered":"<p>Holunder und Heckenrosen bl\u00fchen, die allerersten fr\u00fchen Kirschen fangen schon an reif zu werden. Die Natur hat also von Vollfr\u00fchling auf Fr\u00fchsommer umgestellt. Nach einem Jahr Pause ist es nun h\u00f6chste Zeit f\u00fcr einen neuen \u201eSommer im Hexengarten\u201c. F\u00fcr mich&hellip;<\/p>\n<p class=\"more-link-p\"><a class=\"more-link\" href=\"https:\/\/www.kleine-miri.de\/blog\/2020\/06\/01\/blog-event-sommer-im-hexengarten-2020\/\">Weiterlesen &rarr;<\/a><\/p>\n","protected":false},"author":1,"featured_media":0,"comment_status":"open","ping_status":"open","sticky":false,"template":"","format":"standard","meta":{"footnotes":""},"categories":[1,10,12,3,4,5,7],"tags":[],"class_list":["post-2574","post","type-post","status-publish","format-standard","hentry","category-allgemein","category-gartnern","category-gesundheit","category-kosmetik","category-krauter","category-kuche","category-pflanzen"],"_links":{"self":[{"href":"https:\/\/www.kleine-miri.de\/blog\/wp-json\/wp\/v2\/posts\/2574","targetHints":{"allow":["GET"]}}],"collection":[{"href":"https:\/\/www.kleine-miri.de\/blog\/wp-json\/wp\/v2\/posts"}],"about":[{"href":"https:\/\/www.kleine-miri.de\/blog\/wp-json\/wp\/v2\/types\/post"}],"author":[{"embeddable":true,"href":"https:\/\/www.kleine-miri.de\/blog\/wp-json\/wp\/v2\/users\/1"}],"replies":[{"embeddable":true,"href":"https:\/\/www.kleine-miri.de\/blog\/wp-json\/wp\/v2\/comments?post=2574"}],"version-history":[{"count":1,"href":"https:\/\/www.kleine-miri.de\/blog\/wp-json\/wp\/v2\/posts\/2574\/revisions"}],"predecessor-version":[{"id":2577,"href":"https:\/\/www.kleine-miri.de\/blog\/wp-json\/wp\/v2\/posts\/2574\/revisions\/2577"}],"wp:attachment":[{"href":"https:\/\/www.kleine-miri.de\/blog\/wp-json\/wp\/v2\/media?parent=2574"}],"wp:term":[{"taxonomy":"category","embeddable":true,"href":"https:\/\/www.kleine-miri.de\/blog\/wp-json\/wp\/v2\/categories?post=2574"},{"taxonomy":"post_tag","embeddable":true,"href":"https:\/\/www.kleine-miri.de\/blog\/wp-json\/wp\/v2\/tags?post=2574"}],"curies":[{"name":"wp","href":"https:\/\/api.w.org\/{rel}","templated":true}]}}