{"id":2589,"date":"2020-07-03T12:52:51","date_gmt":"2020-07-03T10:52:51","guid":{"rendered":"https:\/\/www.kleine-miri.de\/blog\/?p=2589"},"modified":"2020-07-12T18:53:22","modified_gmt":"2020-07-12T16:53:22","slug":"sommer-im-hexengarten-ein-blick-ins-schatzkaestchen","status":"publish","type":"post","link":"https:\/\/www.kleine-miri.de\/blog\/2020\/07\/03\/sommer-im-hexengarten-ein-blick-ins-schatzkaestchen\/","title":{"rendered":"Sommer im Hexengarten: Ein Blick ins Schatzk\u00e4stchen"},"content":{"rendered":"\n<p>Diese Woche scheint der Sommer im Hexengarten richtig Fahrt aufzunehmen. Bei <a href=\"https:\/\/atessa-im-wald.de\/2020\/07\/sommer-im-hexengarten-2020-sommerlicher-gurkensalat\/?unapproved=87&amp;moderation-hash=9b73f698141a6d15dc19b24cf413453c#comment-87\">Atessa<\/a> gibt es einen Eindr\u00fccke, wie es auf ihrem Hexenbalkon gr\u00fcnt und bl\u00fcht und wer alles zu Besuch kommt, sowie ein leckeres Gurkensalatrezept. Und mich hat der erste Gastbeitrag erreicht. Iris und Bernd gew\u00e4hren uns einen Einblick in ihr Schatzk\u00e4stchen:<\/p>\n\n\n\n<p><em>In diesem Fr\u00fchling haben wir einfach einmal in unseren Schubladen geschaut, was dort wohl noch f\u00fcr Saatgut halb vergessen schlummert. Und wir entdeckten eine Schachtel mit etlichen noch geschlossenen oder noch halb vollen T\u00fctchen aus so einigen vergangenen Jahren.<\/em><\/p>\n\n\n\n<div class=\"wp-block-image\"><figure class=\"aligncenter size-large is-resized\"><img loading=\"lazy\" decoding=\"async\" src=\"https:\/\/www.kleine-miri.de\/blog\/wp-content\/uploads\/2020\/07\/BILD_1k.jpg\" alt=\"\" class=\"wp-image-2590\" width=\"572\" height=\"600\" srcset=\"https:\/\/www.kleine-miri.de\/blog\/wp-content\/uploads\/2020\/07\/BILD_1k.jpg 762w, https:\/\/www.kleine-miri.de\/blog\/wp-content\/uploads\/2020\/07\/BILD_1k-286x300.jpg 286w, https:\/\/www.kleine-miri.de\/blog\/wp-content\/uploads\/2020\/07\/BILD_1k-600x630.jpg 600w, https:\/\/www.kleine-miri.de\/blog\/wp-content\/uploads\/2020\/07\/BILD_1k-560x588.jpg 560w, https:\/\/www.kleine-miri.de\/blog\/wp-content\/uploads\/2020\/07\/BILD_1k-260x273.jpg 260w, https:\/\/www.kleine-miri.de\/blog\/wp-content\/uploads\/2020\/07\/BILD_1k-160x168.jpg 160w\" sizes=\"auto, (max-width: 572px) 100vw, 572px\" \/><\/figure><\/div>\n\n\n\n<p><em>Bisher hatten wir in unserem Garten letztlich doch recht wenig selbst ges\u00e4t, sondern eher kleine Pfl\u00e4nzchen gekauft.<\/em> <em>Nun war es Zeit f\u00fcr die gehorteten Saatgut-Sch\u00e4tze!<\/em><\/p>\n\n\n\n<div class=\"wp-block-image\"><figure class=\"aligncenter size-large is-resized\"><img loading=\"lazy\" decoding=\"async\" src=\"https:\/\/www.kleine-miri.de\/blog\/wp-content\/uploads\/2020\/07\/BILD_2k.jpg\" alt=\"\" class=\"wp-image-2591\" width=\"592\" height=\"600\" srcset=\"https:\/\/www.kleine-miri.de\/blog\/wp-content\/uploads\/2020\/07\/BILD_2k.jpg 789w, https:\/\/www.kleine-miri.de\/blog\/wp-content\/uploads\/2020\/07\/BILD_2k-296x300.jpg 296w, https:\/\/www.kleine-miri.de\/blog\/wp-content\/uploads\/2020\/07\/BILD_2k-768x779.jpg 768w, https:\/\/www.kleine-miri.de\/blog\/wp-content\/uploads\/2020\/07\/BILD_2k-600x608.jpg 600w, https:\/\/www.kleine-miri.de\/blog\/wp-content\/uploads\/2020\/07\/BILD_2k-560x568.jpg 560w, https:\/\/www.kleine-miri.de\/blog\/wp-content\/uploads\/2020\/07\/BILD_2k-260x264.jpg 260w, https:\/\/www.kleine-miri.de\/blog\/wp-content\/uploads\/2020\/07\/BILD_2k-160x162.jpg 160w\" sizes=\"auto, (max-width: 592px) 100vw, 592px\" \/><\/figure><\/div>\n\n\n\n<p><em>In dem kleinen &#8222;Schatzk\u00e4stchen&#8220; fand sich zum Beispiel Saatgut von Rotem Lein, der nun ganz wunderbar durch den Garten leuchtet.<\/em><\/p>\n\n\n\n<div class=\"wp-block-image\"><figure class=\"aligncenter size-large is-resized\"><img loading=\"lazy\" decoding=\"async\" src=\"https:\/\/www.kleine-miri.de\/blog\/wp-content\/uploads\/2020\/07\/BILD_3k.jpg\" alt=\"\" class=\"wp-image-2592\" width=\"492\" height=\"542\" srcset=\"https:\/\/www.kleine-miri.de\/blog\/wp-content\/uploads\/2020\/07\/BILD_3k.jpg 656w, https:\/\/www.kleine-miri.de\/blog\/wp-content\/uploads\/2020\/07\/BILD_3k-273x300.jpg 273w, https:\/\/www.kleine-miri.de\/blog\/wp-content\/uploads\/2020\/07\/BILD_3k-600x660.jpg 600w, https:\/\/www.kleine-miri.de\/blog\/wp-content\/uploads\/2020\/07\/BILD_3k-560x616.jpg 560w, https:\/\/www.kleine-miri.de\/blog\/wp-content\/uploads\/2020\/07\/BILD_3k-260x286.jpg 260w, https:\/\/www.kleine-miri.de\/blog\/wp-content\/uploads\/2020\/07\/BILD_3k-160x176.jpg 160w\" sizes=\"auto, (max-width: 492px) 100vw, 492px\" \/><\/figure><\/div>\n\n\n\n<p><em>Auch Borretsch konnten wir auss\u00e4en und die Bienen fliegen ihn sehr emsig an.<\/em><\/p>\n\n\n\n<div class=\"wp-block-image\"><figure class=\"aligncenter size-large is-resized\"><img loading=\"lazy\" decoding=\"async\" src=\"https:\/\/www.kleine-miri.de\/blog\/wp-content\/uploads\/2020\/07\/BILD_4k.jpg\" alt=\"\" class=\"wp-image-2593\" width=\"600\" height=\"563\" srcset=\"https:\/\/www.kleine-miri.de\/blog\/wp-content\/uploads\/2020\/07\/BILD_4k.jpg 800w, https:\/\/www.kleine-miri.de\/blog\/wp-content\/uploads\/2020\/07\/BILD_4k-300x282.jpg 300w, https:\/\/www.kleine-miri.de\/blog\/wp-content\/uploads\/2020\/07\/BILD_4k-768x721.jpg 768w, https:\/\/www.kleine-miri.de\/blog\/wp-content\/uploads\/2020\/07\/BILD_4k-600x563.jpg 600w, https:\/\/www.kleine-miri.de\/blog\/wp-content\/uploads\/2020\/07\/BILD_4k-560x526.jpg 560w, https:\/\/www.kleine-miri.de\/blog\/wp-content\/uploads\/2020\/07\/BILD_4k-260x244.jpg 260w, https:\/\/www.kleine-miri.de\/blog\/wp-content\/uploads\/2020\/07\/BILD_4k-160x150.jpg 160w\" sizes=\"auto, (max-width: 600px) 100vw, 600px\" \/><\/figure><\/div>\n\n\n\n<p><em>Sonnenblumensamen waren auch dabei.<\/em> <em>Langsam geht nun diese kleine Sonne auf und wir m\u00fcssen sehr aufpassen, da\u00df die Schnecken sich nicht daran g\u00fctlich tun.<\/em><\/p>\n\n\n\n<div class=\"wp-block-image\"><figure class=\"aligncenter size-large is-resized\"><img loading=\"lazy\" decoding=\"async\" src=\"https:\/\/www.kleine-miri.de\/blog\/wp-content\/uploads\/2020\/07\/BILD_5k.jpg\" alt=\"\" class=\"wp-image-2594\" width=\"600\" height=\"548\" srcset=\"https:\/\/www.kleine-miri.de\/blog\/wp-content\/uploads\/2020\/07\/BILD_5k.jpg 800w, https:\/\/www.kleine-miri.de\/blog\/wp-content\/uploads\/2020\/07\/BILD_5k-300x274.jpg 300w, https:\/\/www.kleine-miri.de\/blog\/wp-content\/uploads\/2020\/07\/BILD_5k-768x702.jpg 768w, https:\/\/www.kleine-miri.de\/blog\/wp-content\/uploads\/2020\/07\/BILD_5k-600x548.jpg 600w, https:\/\/www.kleine-miri.de\/blog\/wp-content\/uploads\/2020\/07\/BILD_5k-560x512.jpg 560w, https:\/\/www.kleine-miri.de\/blog\/wp-content\/uploads\/2020\/07\/BILD_5k-260x238.jpg 260w, https:\/\/www.kleine-miri.de\/blog\/wp-content\/uploads\/2020\/07\/BILD_5k-160x146.jpg 160w\" sizes=\"auto, (max-width: 600px) 100vw, 600px\" \/><\/figure><\/div>\n\n\n\n<p><em>Gleich mehrere bienenfreundliche Bl\u00fctenmischungen waren noch da.<\/em> <em>Wir haben einfach die Reste aus verschiedenen T\u00fctchen zusammen ausges\u00e4t und das ergab eine sch\u00f6ne Bl\u00fctenkombination.<\/em><br><em>Es hat wirklich Freude gemacht und war f\u00fcr uns tats\u00e4chlich eine neue Erfahrung, f\u00fcr all diese Pflanzen jeweils einen Platz im Beet oder im Topf auszusuchen und sie auszus\u00e4en. Und dann gespannt zu warten \ud83d\ude42 &#8230;<\/em><\/p>\n\n\n\n<p><em>Mit einem herzlichen Gru\u00df,<\/em><br><em>Iris und Bernd<\/em><\/p>\n\n\n\n<p>Ganz herzlichen Dank euch beiden f\u00fcr diesen Einblick! Mir ist es ganz \u00e4hnlich gegangen, dass ich dieses Jahr viel mehr selbst angezogen und ges\u00e4t habe als sonst, wahrscheinlich auch, weil da die Baum\u00e4rkte gerade geschlossen waren und irgendwo doch die Sorge da war, in puncto Pflanze leer auszugehen. Und jetzt habe ich richtig Lust, meinen Saatgutt\u00fctchen ein richtiges Schatzk\u00e4stchen als Zuhause zu gestalten. Gef\u00fchlt ist mein kleiner Karton zwar ein Schatzk\u00e4stchen, aber die Optik l\u00e4sst doch noch etwas zu w\u00fcnschen \u00fcbrig.<\/p>\n","protected":false},"excerpt":{"rendered":"<p>Diese Woche scheint der Sommer im Hexengarten richtig Fahrt aufzunehmen. Bei Atessa gibt es einen Eindr\u00fccke, wie es auf ihrem Hexenbalkon gr\u00fcnt und bl\u00fcht und wer alles zu Besuch kommt, sowie ein leckeres Gurkensalatrezept. Und mich hat der erste Gastbeitrag&hellip;<\/p>\n<p class=\"more-link-p\"><a class=\"more-link\" href=\"https:\/\/www.kleine-miri.de\/blog\/2020\/07\/03\/sommer-im-hexengarten-ein-blick-ins-schatzkaestchen\/\">Weiterlesen &rarr;<\/a><\/p>\n","protected":false},"author":1,"featured_media":0,"comment_status":"open","ping_status":"open","sticky":false,"template":"","format":"standard","meta":{"footnotes":""},"categories":[11,10,4,7],"tags":[],"class_list":["post-2589","post","type-post","status-publish","format-standard","hentry","category-bastelei","category-gartnern","category-krauter","category-pflanzen"],"_links":{"self":[{"href":"https:\/\/www.kleine-miri.de\/blog\/wp-json\/wp\/v2\/posts\/2589","targetHints":{"allow":["GET"]}}],"collection":[{"href":"https:\/\/www.kleine-miri.de\/blog\/wp-json\/wp\/v2\/posts"}],"about":[{"href":"https:\/\/www.kleine-miri.de\/blog\/wp-json\/wp\/v2\/types\/post"}],"author":[{"embeddable":true,"href":"https:\/\/www.kleine-miri.de\/blog\/wp-json\/wp\/v2\/users\/1"}],"replies":[{"embeddable":true,"href":"https:\/\/www.kleine-miri.de\/blog\/wp-json\/wp\/v2\/comments?post=2589"}],"version-history":[{"count":3,"href":"https:\/\/www.kleine-miri.de\/blog\/wp-json\/wp\/v2\/posts\/2589\/revisions"}],"predecessor-version":[{"id":2600,"href":"https:\/\/www.kleine-miri.de\/blog\/wp-json\/wp\/v2\/posts\/2589\/revisions\/2600"}],"wp:attachment":[{"href":"https:\/\/www.kleine-miri.de\/blog\/wp-json\/wp\/v2\/media?parent=2589"}],"wp:term":[{"taxonomy":"category","embeddable":true,"href":"https:\/\/www.kleine-miri.de\/blog\/wp-json\/wp\/v2\/categories?post=2589"},{"taxonomy":"post_tag","embeddable":true,"href":"https:\/\/www.kleine-miri.de\/blog\/wp-json\/wp\/v2\/tags?post=2589"}],"curies":[{"name":"wp","href":"https:\/\/api.w.org\/{rel}","templated":true}]}}