{"id":2740,"date":"2021-01-16T18:26:50","date_gmt":"2021-01-16T17:26:50","guid":{"rendered":"https:\/\/www.kleine-miri.de\/blog\/?p=2740"},"modified":"2021-01-16T18:26:50","modified_gmt":"2021-01-16T17:26:50","slug":"winter-in-der-hexenkueche-duftige-seifen","status":"publish","type":"post","link":"https:\/\/www.kleine-miri.de\/blog\/2021\/01\/16\/winter-in-der-hexenkueche-duftige-seifen\/","title":{"rendered":"Winter in der Hexenk\u00fcche: Duftige Seifen"},"content":{"rendered":"\n<p>Hoffentlich seid ihr alle gut ins neue Jahr gekommen. Ich w\u00fcnsche euch jedenfalls ein frohes neues Jahr &#8211; voller Gesundheit, Gl\u00fcck und all der anderen Dinge, die zu einem guten Jahr geh\u00f6ren. Und es freut mich sehr, dass ich das neue Jahr hier im Blog gleich mit zwei tollen Beitr\u00e4gen er\u00f6ffnen kann. Als w\u00e4re es abgesprochen gewesen, drehen sich beide um das Thema selbstgemachte Seifen. Einmal in der einfacheren, gegossenen Version von Doris, die ihr weiter unten als Gastbeitrag lesen k\u00f6nnt, und einmal in der gesiedeten Profiversion bei <a href=\"https:\/\/atessa-im-wald.de\/2021\/01\/hurra-konfetti\/\" data-type=\"URL\" data-id=\"https:\/\/atessa-im-wald.de\/2021\/01\/hurra-konfetti\/\">Atessa<\/a>. Bei ihr gibt es auch einen kleinen R\u00fcckblick auf die Rezepte, die sie bei den letzten Winterevents der Hexenk\u00fcche vorgestellt hat. Da kommen nostalgische Gef\u00fchle auf. Wie gut, dass das Hexenk\u00fcchen-Event diesmal nicht zu Weihnachten aufgeh\u00f6rt hat. Vielen Dank, ihr beiden, f\u00fcr die sch\u00f6nen Ideen!<\/p>\n\n\n\n<p>Hier kommt wie angek\u00fcndigt Doris&#8216; Gastbeitrag. Viel Spa\u00df beim Lesen und inspirieren Lassen \ud83d\ude42<\/p>\n\n\n\n<h3 class=\"wp-block-heading\"><em>Kr\u00e4uter sind zum Waschen da, falleri und fallera!<\/em><\/h3>\n\n\n\n<p><em>K\u00fcchenkreation mal anders, denn das Produkt taugte definitiv nicht zum genussvollen Reinbeissen. Macht aber nichts; es darf ja durchaus auch mal was Praktisches aus der K\u00fcche kommen. Nein, Corona und der Aufruf zum vermehrten H\u00e4ndewaschen hatten nichts mit diesem kleinen Projekt zu tun; das hat sich einfach so ergeben. Ich wollte n\u00e4mlich schon seit Jahren Seife machen, eine ganz einfache, ohne Explosionsgefahr oder sonstwas. Seifensieden ist eine tolle Sache (wenn man es kann) und ich liebe sch\u00f6ne handgemachte Seifen, aber nein &#8211; daf\u00fcr ist mein Respekt vor der Chemie bei dem Ganzen zu gro\u00df. Das probiere ich lieber unter professioneller Anleitung, wenn man wieder irgendwann irgendwo einen Kurs so mit &#8222;live und in Farbe&#8220; buchen kann.<\/em><\/p>\n\n\n\n<p><em>Als Grundidee wollte ich eine transparente Seife mit Kr\u00e4utern aus meinem Garten beduften. Zitronenmelisse, Lavendel, Pfefferminze und Salbei standen getrocknet zur Auswahl. Im Sommer suchte ich mir im \u00f6rtlichen Bastelgesch\u00e4ft eine Gie\u00dfseife aus: Schmelzen im Wasserbad, mit Farbe und Duft nach Wunsch bearbeiten, gie\u00dfen, aush\u00e4rten lassen, fertig. So muss das &#8211; das ist ein Rezept nach meinem Geschmack.<\/em><\/p>\n\n\n\n<div class=\"wp-block-image\"><figure class=\"aligncenter size-large\"><a href=\"https:\/\/www.kleine-miri.de\/blog\/wp-content\/uploads\/2021\/01\/Melissenseife_01b.jpg\"><img loading=\"lazy\" decoding=\"async\" width=\"600\" height=\"472\" src=\"https:\/\/www.kleine-miri.de\/blog\/wp-content\/uploads\/2021\/01\/Melissenseife_01b.jpg\" alt=\"\" class=\"wp-image-2741\" srcset=\"https:\/\/www.kleine-miri.de\/blog\/wp-content\/uploads\/2021\/01\/Melissenseife_01b.jpg 600w, https:\/\/www.kleine-miri.de\/blog\/wp-content\/uploads\/2021\/01\/Melissenseife_01b-300x236.jpg 300w, https:\/\/www.kleine-miri.de\/blog\/wp-content\/uploads\/2021\/01\/Melissenseife_01b-560x441.jpg 560w, https:\/\/www.kleine-miri.de\/blog\/wp-content\/uploads\/2021\/01\/Melissenseife_01b-260x205.jpg 260w, https:\/\/www.kleine-miri.de\/blog\/wp-content\/uploads\/2021\/01\/Melissenseife_01b-160x126.jpg 160w\" sizes=\"auto, (max-width: 600px) 100vw, 600px\" \/><\/a><\/figure><\/div>\n\n\n\n<p><em>Die Herstellung passierte dann aber doch erst kurz vor Weihnachten. Ging ganz schnell und einfach, nur hatte ich mir das Ergebnis spektakul\u00e4rer vorgestellt. Die getrocknete Melisse kam auch nach dem Zerm\u00f6sern von der Intensit\u00e4t nicht mehr an das frische Original heran. Bl\u00f6d, damit hatte ich nicht wirklich gerechnet, aber Not macht erfinderisch: Ein paar Tropfen Grapefruit\u00f6l w\u00fcrden der Zitronennote auf die Spr\u00fcnge helfen, dachte ich. Nur h\u00e4tte hier offensichtlich ausnahmsweise &#8222;mehr ist auch mehr&#8220; gegolten, denn die Gie\u00dfseife verschluckte auch diesen Duft leider so ziemlich. Immerhin gabs was f\u00fcrs Auge: Die Transparenz hatte ich mit einem Klecks Lebensmittelfarbe gelblich eingef\u00e4rbt; das passte ganz gut zum Melissengr\u00fcn und ergab interessante Effekte mit dem getrockneten Kraut in der Seife.<\/em><\/p>\n\n\n\n<p><em>Hinterher ist man ja immer schlauer, deshalb nehme ich beim n\u00e4chsten Mal getrocknete Lavendelbl\u00fcten f\u00fcr ein hoffentlich intensiveres Duftergebnis und kombiniere das mit der Farbe Blau. Versuch macht klug, was solls &#8211; H\u00e4ndewaschen klappt allemal mit meiner Erstproduktion. Bis dahin halte ich auch Ausschau nach weiteren Gie\u00dfformen. Eisw\u00fcrfelf\u00f6rmchen, abgeschnitte Joghurtbecher, Keksverpackungen &#8211; da geht vieles. Wie ihr seht, kann man sogar Seifen f\u00fcr die Katzenw\u00e4sche machen!<\/em><\/p>\n\n\n\n<div class=\"wp-block-image\"><figure class=\"aligncenter size-large\"><a href=\"https:\/\/www.kleine-miri.de\/blog\/wp-content\/uploads\/2021\/01\/Melissenseife_02b.jpg\"><img loading=\"lazy\" decoding=\"async\" width=\"600\" height=\"523\" src=\"https:\/\/www.kleine-miri.de\/blog\/wp-content\/uploads\/2021\/01\/Melissenseife_02b.jpg\" alt=\"\" class=\"wp-image-2742\" srcset=\"https:\/\/www.kleine-miri.de\/blog\/wp-content\/uploads\/2021\/01\/Melissenseife_02b.jpg 600w, https:\/\/www.kleine-miri.de\/blog\/wp-content\/uploads\/2021\/01\/Melissenseife_02b-300x262.jpg 300w, https:\/\/www.kleine-miri.de\/blog\/wp-content\/uploads\/2021\/01\/Melissenseife_02b-560x488.jpg 560w, https:\/\/www.kleine-miri.de\/blog\/wp-content\/uploads\/2021\/01\/Melissenseife_02b-260x227.jpg 260w, https:\/\/www.kleine-miri.de\/blog\/wp-content\/uploads\/2021\/01\/Melissenseife_02b-160x139.jpg 160w\" sizes=\"auto, (max-width: 600px) 100vw, 600px\" \/><\/a><\/figure><\/div>\n\n\n\n<p>Wow, zum Anbei\u00dfen sehen sowohl die Seifen von Doris als auch von Atessa aus. Und dann noch nett als kleine Pralinchen verpackt \ud83d\ude09 Das Seifensieden ist auch eine der Sachen, die schon lange mal ausprobieren wollte. Aber da fange ich wie Doris vielleicht lieber mal kleiner an, denn in irgendeiner Schublade habe ich auch noch einen Block Gie\u00dfseife liegen. Vielleicht l\u00e4sst die sich mit den richtigen Beigaben auch noch ein bisschen handfreundlicher machen. Jetzt bin ich gerade mal wieder eine Woche auf der Arbeit und meine H\u00e4nde sehen vom vielen Waschen schon wieder aus, als w\u00fcrde ich sie nie eincremen. Geht euch das auch so? Oder habt ihr dagegen ein Geheimrezept? Ich freue mich jedenfalls auch schon auf die Zeit, wo wir wieder unbeschwert Kurse &#8222;live und in Farbe&#8220; besuchen k\u00f6nnen.<\/p>\n\n\n\n<p>Und zwecks getrockneter Melisse habe ich noch einen Tipp bekommen, den ich n\u00e4chstes Jahr selbst gerne ausprobieren will. Mir ist auch schon aufgefallen, dass die Zitronenmelisse beim trocknen einen Gro\u00dfteil ihres sch\u00f6nen Aromas verliert. Sie l\u00e4sst sich frisch einfach am besten verarbeiten. Es gibt aber noch eine andere Kr\u00e4uterart, die sog. &#8222;Wei\u00dfe Melisse&#8220; (<em>Nepeta cataria var. citriodora<\/em>), eigentlich eine Variet\u00e4t der Katzenminze nur mit einem \u00e4hnlichen Aroma wie die Zitronenmelisse. Sie beh\u00e4lt ihren Duft beim Trocknen wohl ganz gut und war fr\u00fcher ein beliebtes Kraut im Bauerngarten. Selbst habe ich sie noch nicht probiert, aber sie steht auf meiner Liste der Teekr\u00e4uter, die ich gerne noch ausprobieren will. Falls ihr m\u00f6gt, stelle ich euch demn\u00e4chst mal meine neuen Sternchen am Kr\u00e4uterteehimmel vor, die mit den Winter in der Hexenk\u00fcche erhellen. Und flei\u00dfig am Planen f\u00fcr die n\u00e4chste Hexengartensaison bin ich nat\u00fcrlich auch schon \ud83d\ude09<\/p>\n","protected":false},"excerpt":{"rendered":"<p>Hoffentlich seid ihr alle gut ins neue Jahr gekommen. Ich w\u00fcnsche euch jedenfalls ein frohes neues Jahr &#8211; voller Gesundheit, Gl\u00fcck und all der anderen Dinge, die zu einem guten Jahr geh\u00f6ren. Und es freut mich sehr, dass ich das&hellip;<\/p>\n<p class=\"more-link-p\"><a class=\"more-link\" href=\"https:\/\/www.kleine-miri.de\/blog\/2021\/01\/16\/winter-in-der-hexenkueche-duftige-seifen\/\">Weiterlesen &rarr;<\/a><\/p>\n","protected":false},"author":1,"featured_media":0,"comment_status":"open","ping_status":"open","sticky":false,"template":"","format":"standard","meta":{"footnotes":""},"categories":[11,6,3,4,5],"tags":[],"class_list":["post-2740","post","type-post","status-publish","format-standard","hentry","category-bastelei","category-duft","category-kosmetik","category-krauter","category-kuche"],"_links":{"self":[{"href":"https:\/\/www.kleine-miri.de\/blog\/wp-json\/wp\/v2\/posts\/2740","targetHints":{"allow":["GET"]}}],"collection":[{"href":"https:\/\/www.kleine-miri.de\/blog\/wp-json\/wp\/v2\/posts"}],"about":[{"href":"https:\/\/www.kleine-miri.de\/blog\/wp-json\/wp\/v2\/types\/post"}],"author":[{"embeddable":true,"href":"https:\/\/www.kleine-miri.de\/blog\/wp-json\/wp\/v2\/users\/1"}],"replies":[{"embeddable":true,"href":"https:\/\/www.kleine-miri.de\/blog\/wp-json\/wp\/v2\/comments?post=2740"}],"version-history":[{"count":3,"href":"https:\/\/www.kleine-miri.de\/blog\/wp-json\/wp\/v2\/posts\/2740\/revisions"}],"predecessor-version":[{"id":2745,"href":"https:\/\/www.kleine-miri.de\/blog\/wp-json\/wp\/v2\/posts\/2740\/revisions\/2745"}],"wp:attachment":[{"href":"https:\/\/www.kleine-miri.de\/blog\/wp-json\/wp\/v2\/media?parent=2740"}],"wp:term":[{"taxonomy":"category","embeddable":true,"href":"https:\/\/www.kleine-miri.de\/blog\/wp-json\/wp\/v2\/categories?post=2740"},{"taxonomy":"post_tag","embeddable":true,"href":"https:\/\/www.kleine-miri.de\/blog\/wp-json\/wp\/v2\/tags?post=2740"}],"curies":[{"name":"wp","href":"https:\/\/api.w.org\/{rel}","templated":true}]}}