{"id":2796,"date":"2021-06-03T14:46:43","date_gmt":"2021-06-03T12:46:43","guid":{"rendered":"https:\/\/www.kleine-miri.de\/blog\/?p=2796"},"modified":"2021-06-03T14:46:43","modified_gmt":"2021-06-03T12:46:43","slug":"blog-event-sommer-im-hexengarten-2021","status":"publish","type":"post","link":"https:\/\/www.kleine-miri.de\/blog\/2021\/06\/03\/blog-event-sommer-im-hexengarten-2021\/","title":{"rendered":"Blog-Event: Sommer im Hexengarten 2021"},"content":{"rendered":"\n<div class=\"wp-block-image\"><figure class=\"aligncenter size-large\"><a href=\"https:\/\/www.kleine-miri.de\/blog\/wp-content\/uploads\/2021\/06\/Sommer_im_Hexngarten.jpg\"><img loading=\"lazy\" decoding=\"async\" width=\"800\" height=\"533\" src=\"https:\/\/www.kleine-miri.de\/blog\/wp-content\/uploads\/2021\/06\/Sommer_im_Hexngarten.jpg\" alt=\"\" class=\"wp-image-2797\" srcset=\"https:\/\/www.kleine-miri.de\/blog\/wp-content\/uploads\/2021\/06\/Sommer_im_Hexngarten.jpg 800w, https:\/\/www.kleine-miri.de\/blog\/wp-content\/uploads\/2021\/06\/Sommer_im_Hexngarten-300x200.jpg 300w, https:\/\/www.kleine-miri.de\/blog\/wp-content\/uploads\/2021\/06\/Sommer_im_Hexngarten-768x512.jpg 768w, https:\/\/www.kleine-miri.de\/blog\/wp-content\/uploads\/2021\/06\/Sommer_im_Hexngarten-600x400.jpg 600w, https:\/\/www.kleine-miri.de\/blog\/wp-content\/uploads\/2021\/06\/Sommer_im_Hexngarten-560x373.jpg 560w, https:\/\/www.kleine-miri.de\/blog\/wp-content\/uploads\/2021\/06\/Sommer_im_Hexngarten-260x173.jpg 260w, https:\/\/www.kleine-miri.de\/blog\/wp-content\/uploads\/2021\/06\/Sommer_im_Hexngarten-160x107.jpg 160w\" sizes=\"auto, (max-width: 800px) 100vw, 800px\" \/><\/a><figcaption><em>Endlich Sommer \ud83d\ude42<\/em><\/figcaption><\/figure><\/div>\n\n\n\n<p>Dieses Jahr hat das Sommer-Feeling wetterm\u00e4\u00dfig ja etwas auf sich warten lassen. Das Fr\u00fchjahr war doch eher k\u00fchl und regnerisch, was auch seine Vorteile hatte. Immerhin hat es mir als G\u00e4rtnerin bisher das Gie\u00dfen gr\u00f6\u00dftenteils erspart und Flieder, Schl\u00fcsselblumen und andere Fr\u00fchlingsbl\u00fcten haben uns extra lange erfreut. Die Vegetation ist gef\u00fchlt so etwa zwei Wochen hinter dem, wie sie letztes Jahr um die Zeit war, aber nachdem ich nun schon den zweiten Abend in Folge ohne Jacke auf der Terrasse sitzen konnte und die Grillen flei\u00dfig zirpen, finde ich: jetzt ist Zeit f\u00fcr ein bisschen Sommer, oder? Deswegen m\u00f6chte ich euch wieder zum &#8222;Sommer im Hexengarten&#8220; einladen. Aus meinem Garten wird es wieder Einblicke und nat\u00fcrlich auch Rezepte geben und ich freue mich schon darauf, auch wieder (virtuell) \u00fcber eure Gartenz\u00e4une spitzen zu d\u00fcrfen. Egal ob Rezept, Kr\u00e4utergeheimnis, Blumengeschichten oder, was sonst noch so aus eurem Hexengarten kommt, ihr seid alle herzlich eingeladen, es zu teilen. Mitmachen geht wieder wie gewohnt mit und ohne eigene Webseite.<\/p>\n\n\n\n<p><strong>So geht&#8217;s&#8230;<\/strong><\/p>\n\n\n\n<p>1. Schreibt einen oder gerne auch mehrere Beitr\u00e4ge \u00fcber euren Hexengarten. Habt ihr vielleicht einen oder mehre gr\u00fcne Lieblinge, die dort wachsen und mit denen man etwas Leckeres, Gesundes oder Sch\u00f6nes machen kann? Oder ganz viele verschiedene Pflanzen, die h\u00fcbsch bl\u00fchen oder flei\u00dfig Fr\u00fcchte produzieren? Eine, auf die ihr ganz besonders stolz seid? Gebt einfach einen kleinen Einblick in euren Hexengarten, gerne auch mit passendem Rezept. Das Banner hier d\u00fcrft ihr euch nat\u00fcrlich genau daf\u00fcr mitnehmen.<\/p>\n\n\n\n<p>2. Hinterlasst einen Kommentar mit eurem Namen und eurer Blog-URL unter diesem Beitrag, damit ich wei\u00df, wer alles mitmacht.<\/p>\n\n\n\n<p>3. Die Aktion l\u00e4uft passend zum Namen bis zum Herbstanfang, der diesmal auf den 22. September f\u00e4llt. Wer bis dahin einen oder mehrere Beitr\u00e4ge verfasst hat (und nicht ausdr\u00fccklich widersprochen), h\u00fcpft mit in den Lostopf. Unter allen Teilnehmern verlose ich dann eine kleine \u00dcberraschung zum Thema Hexengarten. Falls wieder besonders Flei\u00dfige dabei sind, behalte ich mir auch diesmal wieder vor, einen kleinen Flei\u00dfsonderpreis zu vergeben. Ich werde versuchen in regelm\u00e4\u00dfigen Abst\u00e4nden eine Link-Sammlung mit euren Beitr\u00e4gen hier zu posten, damit wir uns virtuell \u00fcber die Gartenz\u00e4une schauen k\u00f6nnen<\/p>\n\n\n\n<p><strong>Wer kann mitmachen?<\/strong><\/p>\n\n\n\n<p>Wie immer nat\u00fcrlich alle, die selbst einen Blog haben, aber auch meine Leserinnen ohne eigenen Blog will ich nicht ausschlie\u00dfen. Wahrscheinlich sind letztere inzwischen in der \u00dcberzahl, weil bloggen nicht mehr ganz so in ist. Wenn du keinen Blog hast und auch mitmachen willst, schreibe mir doch einfach eine mail (mirjam[at]kleine-miri.de), dann darf dein Beitrag gerne auf meinen Blog als Gastbeitrag erscheinen.<\/p>\n\n\n\n<p><strong>Bis wann?<\/strong><\/p>\n\n\n\n<p>Bis einschlie\u00dflich 22.9.2021. Dann ist der Sommer zumindest astronomisch vorbei.<\/p>\n\n\n\n<p>Ich freue mich schon sehr darauf, von euren Hexeng\u00e4rtchen zu lesen und nat\u00fcrlich auch aus meinem zu berichten. In meinem ersten Gartenjahr habe ich so einige gr\u00fcne Lieblinge dazugewonnen und das werden jetzt im zweiten sicher noch mehr \ud83d\ude42<\/p>\n\n\n\n<div class=\"wp-block-image\"><figure class=\"aligncenter size-large\"><a href=\"https:\/\/www.kleine-miri.de\/blog\/wp-content\/uploads\/2021\/06\/Sommer_im_Hexngarten_400px.jpg\"><img loading=\"lazy\" decoding=\"async\" width=\"400\" height=\"267\" src=\"https:\/\/www.kleine-miri.de\/blog\/wp-content\/uploads\/2021\/06\/Sommer_im_Hexngarten_400px.jpg\" alt=\"\" class=\"wp-image-2798\" srcset=\"https:\/\/www.kleine-miri.de\/blog\/wp-content\/uploads\/2021\/06\/Sommer_im_Hexngarten_400px.jpg 400w, https:\/\/www.kleine-miri.de\/blog\/wp-content\/uploads\/2021\/06\/Sommer_im_Hexngarten_400px-300x200.jpg 300w, https:\/\/www.kleine-miri.de\/blog\/wp-content\/uploads\/2021\/06\/Sommer_im_Hexngarten_400px-260x174.jpg 260w, https:\/\/www.kleine-miri.de\/blog\/wp-content\/uploads\/2021\/06\/Sommer_im_Hexngarten_400px-160x107.jpg 160w\" sizes=\"auto, (max-width: 400px) 100vw, 400px\" \/><\/a><\/figure><\/div>\n","protected":false},"excerpt":{"rendered":"<p>Dieses Jahr hat das Sommer-Feeling wetterm\u00e4\u00dfig ja etwas auf sich warten lassen. Das Fr\u00fchjahr war doch eher k\u00fchl und regnerisch, was auch seine Vorteile hatte. Immerhin hat es mir als G\u00e4rtnerin bisher das Gie\u00dfen gr\u00f6\u00dftenteils erspart und Flieder, Schl\u00fcsselblumen und&hellip;<\/p>\n<p class=\"more-link-p\"><a class=\"more-link\" href=\"https:\/\/www.kleine-miri.de\/blog\/2021\/06\/03\/blog-event-sommer-im-hexengarten-2021\/\">Weiterlesen &rarr;<\/a><\/p>\n","protected":false},"author":1,"featured_media":0,"comment_status":"open","ping_status":"open","sticky":false,"template":"","format":"standard","meta":{"footnotes":""},"categories":[1,11,6,10,14,12,3,4,5,8,7],"tags":[],"class_list":["post-2796","post","type-post","status-publish","format-standard","hentry","category-allgemein","category-bastelei","category-duft","category-gartnern","category-geschichten","category-gesundheit","category-kosmetik","category-krauter","category-kuche","category-natur","category-pflanzen"],"_links":{"self":[{"href":"https:\/\/www.kleine-miri.de\/blog\/wp-json\/wp\/v2\/posts\/2796","targetHints":{"allow":["GET"]}}],"collection":[{"href":"https:\/\/www.kleine-miri.de\/blog\/wp-json\/wp\/v2\/posts"}],"about":[{"href":"https:\/\/www.kleine-miri.de\/blog\/wp-json\/wp\/v2\/types\/post"}],"author":[{"embeddable":true,"href":"https:\/\/www.kleine-miri.de\/blog\/wp-json\/wp\/v2\/users\/1"}],"replies":[{"embeddable":true,"href":"https:\/\/www.kleine-miri.de\/blog\/wp-json\/wp\/v2\/comments?post=2796"}],"version-history":[{"count":2,"href":"https:\/\/www.kleine-miri.de\/blog\/wp-json\/wp\/v2\/posts\/2796\/revisions"}],"predecessor-version":[{"id":3055,"href":"https:\/\/www.kleine-miri.de\/blog\/wp-json\/wp\/v2\/posts\/2796\/revisions\/3055"}],"wp:attachment":[{"href":"https:\/\/www.kleine-miri.de\/blog\/wp-json\/wp\/v2\/media?parent=2796"}],"wp:term":[{"taxonomy":"category","embeddable":true,"href":"https:\/\/www.kleine-miri.de\/blog\/wp-json\/wp\/v2\/categories?post=2796"},{"taxonomy":"post_tag","embeddable":true,"href":"https:\/\/www.kleine-miri.de\/blog\/wp-json\/wp\/v2\/tags?post=2796"}],"curies":[{"name":"wp","href":"https:\/\/api.w.org\/{rel}","templated":true}]}}