{"id":2962,"date":"2022-01-01T19:00:11","date_gmt":"2022-01-01T18:00:11","guid":{"rendered":"https:\/\/www.kleine-miri.de\/blog\/?p=2962"},"modified":"2022-01-01T19:00:11","modified_gmt":"2022-01-01T18:00:11","slug":"winter-in-der-hexenkueche-im-hexengarten","status":"publish","type":"post","link":"https:\/\/www.kleine-miri.de\/blog\/2022\/01\/01\/winter-in-der-hexenkueche-im-hexengarten\/","title":{"rendered":"Winter in der Hexenk\u00fcche: Im Hexengarten"},"content":{"rendered":"\n<p>Wenn die Sonne nicht so tief st\u00fcnde, dass der Garten komplett im Schatten liegt, dann h\u00e4tte ich mich gestern fast wie im Fr\u00fchling f\u00fchlen k\u00f6nnen. Sogar die Meisen haben schon munter ihr Lied angestimmt. &#8222;Zizi-bee, zizi-bee, Sonne schmilzt den letzten Schnee&#8220; haben wir dazu als Kinder gesungen. Blo\u00df heute muss ich fragen: welcher Schnee? Dass ich mit meinen Eindr\u00fccken nicht alleine bin, hat mir heute der sch\u00f6ne Beitrag von Iris aus ihrem Hexengarten gezeigt. Auch ein bisschen wehm\u00fctig, aber vor allem achtsam annehmend, was ist &#8211; diese Einstellung hat mich sofort angesprochen. Aber lest selbst, was sie aus ihrem Hexengarten schreibt:<\/p>\n\n\n\n<p><em>Mit meinem Beitrag \u00fcber unseren winterlichen Hexengarten ging es mir ganz \u00e4hnlich wie mit dem Beitrag im letzten Sommer: Tag f\u00fcr Tag ein Blick aus dem Fenster und dann die Feststellung \u201eNein, lieber doch noch warten\u201c.<\/em> <em>Auf stimmungsvollen Schnee diesmal oder zumindest auf Raureif, der alles so sch\u00f6n versilbert\u2026<\/em><\/p>\n\n\n\n<p><em>Doch die Temperaturen gingen immer weiter nach oben, und statt unter einer sanften Schneedecke zu ruhen, \u00f6ffnen sich doch tats\u00e4chlich gerade einige vorwitzige Bl\u00fcten. Nicht die der Winterlinge oder der Schneegl\u00f6ckchen, sondern Rosenknospen und Primelk\u00f6pfchen\u2026<\/em> <em>Ganz n\u00fcchtern gesehen ist es sehr lange her, dass ich Schnee zu Weihnachten oder f\u00fcr l\u00e4nger als zwei Tage im Winter erlebt habe. Doch es steckt offenbar tief in mir, einen Winter mit Frost zu erwarten und diese besondere, schneeverhei\u00dfende, schimmernde Helligkeit des Himmels\u2026<\/em><\/p>\n\n\n\n<p><em>Ich liebe die scharfen Kontraste und Konturen im \u201erichtig\u201c winterlichen Garten. Ebenso die kleinen Schneeh\u00fcgel am Boden, die verraten, wo Pflanzen unter der wei\u00dfen Decke schlafen.<br>Amsel, Rotkehlchen &amp; Co. sind dann so schnell zu entdecken wie sonst nie im Jahr, die Farben ihres Gefieders leuchten und man kann ihre kleinen Krallenspuren deutlich im Schnee verfolgen. Und dabei zuschauen, wie es ihnen an der Futterstelle besonders gut schmeckt\u2026<\/em><\/p>\n\n\n\n<p><em>Ich merke, wie sehr ich all das vermisse. Was, wenn die Wintermonate k\u00fcnftig immer zu warm f\u00fcr Schnee sind? Wie kann ich pers\u00f6nlich mein Verhalten \u00e4ndern, um meinen ganz kleinen Beitrag zu leisten, damit die Natur nicht v\u00f6llig aus der Balance ger\u00e4t? Und welche Pflanzen k\u00f6nnen wir angesichts der sich ver\u00e4ndernden Temperaturen nun am besten im Garten pflanzen?<\/em><\/p>\n\n\n\n<p><em>Doch nun besinne ich mich erst einmal auf den Moment und schaue genau hin. Und stelle fest, dass unser Garten halt im Moment kein wei\u00df \u201e\u00fcberzuckerter\u201c Zaubergarten ist. Was sagt da eine Gartenhexe doch am besten zu sich selbst <\/em><em>\ud83d\ude09<\/em><em>? \u201eVergiss Deine guten Pl\u00e4ne nicht, aber \u00f6ffne jetzt Deine Augen f\u00fcr die vorhandene Sch\u00f6nheit im Garten\u201c.<\/em><\/p>\n\n\n\n<p><em>Strukturen und Kontraste gibt es n\u00e4mlich auch jetzt \u00fcberall zu sehen:<br>Grau und Beige auf Braun und Gr\u00fcn. Und manchmal sogar auf Blau!<\/em><\/p>\n\n\n\n<p><em>Faszinierende Formen gibt es zu entdecken.<br>Vertrocknete Bl\u00fcten zum Beispiel, die schon das neue Wachstum in sich bergen.<\/em><\/p>\n\n\n\n<div class=\"wp-block-image\"><figure class=\"aligncenter size-large is-resized\"><a href=\"https:\/\/www.kleine-miri.de\/blog\/wp-content\/uploads\/2022\/01\/WiH_01.jpg\"><img loading=\"lazy\" decoding=\"async\" src=\"https:\/\/www.kleine-miri.de\/blog\/wp-content\/uploads\/2022\/01\/WiH_01-1024x1003.jpg\" alt=\"\" class=\"wp-image-2963\" width=\"512\" height=\"502\" srcset=\"https:\/\/www.kleine-miri.de\/blog\/wp-content\/uploads\/2022\/01\/WiH_01-1024x1003.jpg 1024w, https:\/\/www.kleine-miri.de\/blog\/wp-content\/uploads\/2022\/01\/WiH_01-300x294.jpg 300w, https:\/\/www.kleine-miri.de\/blog\/wp-content\/uploads\/2022\/01\/WiH_01-768x752.jpg 768w, https:\/\/www.kleine-miri.de\/blog\/wp-content\/uploads\/2022\/01\/WiH_01-600x588.jpg 600w, https:\/\/www.kleine-miri.de\/blog\/wp-content\/uploads\/2022\/01\/WiH_01-1536x1505.jpg 1536w, https:\/\/www.kleine-miri.de\/blog\/wp-content\/uploads\/2022\/01\/WiH_01-2048x2006.jpg 2048w, https:\/\/www.kleine-miri.de\/blog\/wp-content\/uploads\/2022\/01\/WiH_01-560x549.jpg 560w, https:\/\/www.kleine-miri.de\/blog\/wp-content\/uploads\/2022\/01\/WiH_01-260x255.jpg 260w, https:\/\/www.kleine-miri.de\/blog\/wp-content\/uploads\/2022\/01\/WiH_01-160x157.jpg 160w\" sizes=\"auto, (max-width: 512px) 100vw, 512px\" \/><\/a><\/figure><\/div>\n\n\n\n<div class=\"wp-block-image\"><figure class=\"aligncenter size-large is-resized\"><a href=\"https:\/\/www.kleine-miri.de\/blog\/wp-content\/uploads\/2022\/01\/WiH_03.jpg\"><img loading=\"lazy\" decoding=\"async\" src=\"https:\/\/www.kleine-miri.de\/blog\/wp-content\/uploads\/2022\/01\/WiH_03-1000x1024.jpg\" alt=\"\" class=\"wp-image-2965\" width=\"500\" height=\"512\" srcset=\"https:\/\/www.kleine-miri.de\/blog\/wp-content\/uploads\/2022\/01\/WiH_03-1000x1024.jpg 1000w, https:\/\/www.kleine-miri.de\/blog\/wp-content\/uploads\/2022\/01\/WiH_03-293x300.jpg 293w, https:\/\/www.kleine-miri.de\/blog\/wp-content\/uploads\/2022\/01\/WiH_03-768x787.jpg 768w, https:\/\/www.kleine-miri.de\/blog\/wp-content\/uploads\/2022\/01\/WiH_03-600x614.jpg 600w, https:\/\/www.kleine-miri.de\/blog\/wp-content\/uploads\/2022\/01\/WiH_03-1500x1536.jpg 1500w, https:\/\/www.kleine-miri.de\/blog\/wp-content\/uploads\/2022\/01\/WiH_03-2000x2048.jpg 2000w, https:\/\/www.kleine-miri.de\/blog\/wp-content\/uploads\/2022\/01\/WiH_03-560x573.jpg 560w, https:\/\/www.kleine-miri.de\/blog\/wp-content\/uploads\/2022\/01\/WiH_03-260x266.jpg 260w, https:\/\/www.kleine-miri.de\/blog\/wp-content\/uploads\/2022\/01\/WiH_03-160x164.jpg 160w\" sizes=\"auto, (max-width: 500px) 100vw, 500px\" \/><\/a><\/figure><\/div>\n\n\n\n<p><em><br><br>Ausgebleichte Zweige erinnern an d\u00fcnne Knochen und tragen doch ganz kleine Knospen.<\/em><\/p>\n\n\n\n<div class=\"wp-block-image\"><figure class=\"aligncenter size-large is-resized\"><a href=\"https:\/\/www.kleine-miri.de\/blog\/wp-content\/uploads\/2022\/01\/WiH_04.jpg\"><img loading=\"lazy\" decoding=\"async\" src=\"https:\/\/www.kleine-miri.de\/blog\/wp-content\/uploads\/2022\/01\/WiH_04-1013x1024.jpg\" alt=\"\" class=\"wp-image-2966\" width=\"507\" height=\"512\" srcset=\"https:\/\/www.kleine-miri.de\/blog\/wp-content\/uploads\/2022\/01\/WiH_04-1013x1024.jpg 1013w, https:\/\/www.kleine-miri.de\/blog\/wp-content\/uploads\/2022\/01\/WiH_04-297x300.jpg 297w, https:\/\/www.kleine-miri.de\/blog\/wp-content\/uploads\/2022\/01\/WiH_04-150x150.jpg 150w, https:\/\/www.kleine-miri.de\/blog\/wp-content\/uploads\/2022\/01\/WiH_04-768x776.jpg 768w, https:\/\/www.kleine-miri.de\/blog\/wp-content\/uploads\/2022\/01\/WiH_04-600x606.jpg 600w, https:\/\/www.kleine-miri.de\/blog\/wp-content\/uploads\/2022\/01\/WiH_04-1520x1536.jpg 1520w, https:\/\/www.kleine-miri.de\/blog\/wp-content\/uploads\/2022\/01\/WiH_04-2027x2048.jpg 2027w, https:\/\/www.kleine-miri.de\/blog\/wp-content\/uploads\/2022\/01\/WiH_04-560x566.jpg 560w, https:\/\/www.kleine-miri.de\/blog\/wp-content\/uploads\/2022\/01\/WiH_04-260x263.jpg 260w, https:\/\/www.kleine-miri.de\/blog\/wp-content\/uploads\/2022\/01\/WiH_04-160x162.jpg 160w\" sizes=\"auto, (max-width: 507px) 100vw, 507px\" \/><\/a><\/figure><\/div>\n\n\n\n<p><em>Viel Gr\u00fcnes ist auch im Garten am Gedeihen: die Eiben, das Moos, der Rosmarin und der Salbei\u2026<\/em><\/p>\n\n\n\n<div class=\"wp-block-image\"><figure class=\"aligncenter size-large is-resized\"><a href=\"https:\/\/www.kleine-miri.de\/blog\/wp-content\/uploads\/2022\/01\/WiH_02.jpg\"><img loading=\"lazy\" decoding=\"async\" src=\"https:\/\/www.kleine-miri.de\/blog\/wp-content\/uploads\/2022\/01\/WiH_02-1024x1006.jpg\" alt=\"\" class=\"wp-image-2964\" width=\"512\" height=\"503\" srcset=\"https:\/\/www.kleine-miri.de\/blog\/wp-content\/uploads\/2022\/01\/WiH_02-1024x1006.jpg 1024w, https:\/\/www.kleine-miri.de\/blog\/wp-content\/uploads\/2022\/01\/WiH_02-300x295.jpg 300w, https:\/\/www.kleine-miri.de\/blog\/wp-content\/uploads\/2022\/01\/WiH_02-768x755.jpg 768w, https:\/\/www.kleine-miri.de\/blog\/wp-content\/uploads\/2022\/01\/WiH_02-600x589.jpg 600w, https:\/\/www.kleine-miri.de\/blog\/wp-content\/uploads\/2022\/01\/WiH_02-560x550.jpg 560w, https:\/\/www.kleine-miri.de\/blog\/wp-content\/uploads\/2022\/01\/WiH_02-260x255.jpg 260w, https:\/\/www.kleine-miri.de\/blog\/wp-content\/uploads\/2022\/01\/WiH_02-160x157.jpg 160w, https:\/\/www.kleine-miri.de\/blog\/wp-content\/uploads\/2022\/01\/WiH_02.jpg 1311w\" sizes=\"auto, (max-width: 512px) 100vw, 512px\" \/><\/a><\/figure><\/div>\n\n\n\n<p><em>Der Apfelbaum streckt seine knorrigen \u00c4ste in den Himmel.<br>M\u00f6ge er im n\u00e4chsten Herbst wieder gut Fr\u00fcchte tragen!<\/em><\/p>\n\n\n\n<div class=\"wp-block-image\"><figure class=\"aligncenter size-large is-resized\"><a href=\"https:\/\/www.kleine-miri.de\/blog\/wp-content\/uploads\/2022\/01\/WiH_05-e1641059022261.jpg\"><img loading=\"lazy\" decoding=\"async\" src=\"https:\/\/www.kleine-miri.de\/blog\/wp-content\/uploads\/2022\/01\/WiH_05-1010x1024.jpg\" alt=\"\" class=\"wp-image-2967\" width=\"505\" height=\"512\"\/><\/a><\/figure><\/div>\n\n\n\n<p><em>Ich gr\u00fc\u00dfe Euch ganz herzlich aus unserem winterlichen Hexengarten \ud83d\ude0a.<\/em><\/p>\n\n\n\n<p>Vielen Dank, liebe Iris, f\u00fcr deinen offenen Blick in den winterlichen Garten! Es stimmt: Sch\u00f6nheit findet sich auch hier, wenn man die Gedanken beiseite schiebt, wie es im Winter &#8222;sein sollte&#8220;. Ich vermisse Frost und Schnee auch sehr, aber wei\u00dfe Weihnachten gab es auch in meiner Kindheit bei uns sehr selten. Oder wie mein Papa damals gesagt hat: &#8222;Richtiger Schnee, der liegen bleibt, kommt fr\u00fchestens zu Dreik\u00f6nig.&#8220; Und zumindest f\u00fcr unsere Gegend hat er damit bis heute Recht, auch wenn der Schnee, der liegen bleibt, doch deutlich seltener geworden ist und der Unterschied von &#8222;im Tal&#8220; und &#8222;auf der H\u00f6he&#8220;, was das angeht, noch ausgepr\u00e4gter. In diesem Sinne, die Hoffnung auf frostiges Winterwetter nicht fr\u00fchzeitig aufgeben und bis dahin an dem erfreuen, was die Natur uns bietet. Oder was meint ihr?<\/p>\n","protected":false},"excerpt":{"rendered":"<p>Wenn die Sonne nicht so tief st\u00fcnde, dass der Garten komplett im Schatten liegt, dann h\u00e4tte ich mich gestern fast wie im Fr\u00fchling f\u00fchlen k\u00f6nnen. Sogar die Meisen haben schon munter ihr Lied angestimmt. &#8222;Zizi-bee, zizi-bee, Sonne schmilzt den letzten&hellip;<\/p>\n<p class=\"more-link-p\"><a class=\"more-link\" href=\"https:\/\/www.kleine-miri.de\/blog\/2022\/01\/01\/winter-in-der-hexenkueche-im-hexengarten\/\">Weiterlesen &rarr;<\/a><\/p>\n","protected":false},"author":1,"featured_media":0,"comment_status":"open","ping_status":"open","sticky":false,"template":"","format":"standard","meta":{"footnotes":""},"categories":[10,14,8,7],"tags":[],"class_list":["post-2962","post","type-post","status-publish","format-standard","hentry","category-gartnern","category-geschichten","category-natur","category-pflanzen"],"_links":{"self":[{"href":"https:\/\/www.kleine-miri.de\/blog\/wp-json\/wp\/v2\/posts\/2962","targetHints":{"allow":["GET"]}}],"collection":[{"href":"https:\/\/www.kleine-miri.de\/blog\/wp-json\/wp\/v2\/posts"}],"about":[{"href":"https:\/\/www.kleine-miri.de\/blog\/wp-json\/wp\/v2\/types\/post"}],"author":[{"embeddable":true,"href":"https:\/\/www.kleine-miri.de\/blog\/wp-json\/wp\/v2\/users\/1"}],"replies":[{"embeddable":true,"href":"https:\/\/www.kleine-miri.de\/blog\/wp-json\/wp\/v2\/comments?post=2962"}],"version-history":[{"count":2,"href":"https:\/\/www.kleine-miri.de\/blog\/wp-json\/wp\/v2\/posts\/2962\/revisions"}],"predecessor-version":[{"id":2969,"href":"https:\/\/www.kleine-miri.de\/blog\/wp-json\/wp\/v2\/posts\/2962\/revisions\/2969"}],"wp:attachment":[{"href":"https:\/\/www.kleine-miri.de\/blog\/wp-json\/wp\/v2\/media?parent=2962"}],"wp:term":[{"taxonomy":"category","embeddable":true,"href":"https:\/\/www.kleine-miri.de\/blog\/wp-json\/wp\/v2\/categories?post=2962"},{"taxonomy":"post_tag","embeddable":true,"href":"https:\/\/www.kleine-miri.de\/blog\/wp-json\/wp\/v2\/tags?post=2962"}],"curies":[{"name":"wp","href":"https:\/\/api.w.org\/{rel}","templated":true}]}}