{"id":3000,"date":"2022-02-12T18:08:51","date_gmt":"2022-02-12T17:08:51","guid":{"rendered":"https:\/\/www.kleine-miri.de\/blog\/?p=3000"},"modified":"2022-02-12T18:08:51","modified_gmt":"2022-02-12T17:08:51","slug":"winter-in-der-hexenkueche-ach-winterzauber-bleib-doch","status":"publish","type":"post","link":"https:\/\/www.kleine-miri.de\/blog\/2022\/02\/12\/winter-in-der-hexenkueche-ach-winterzauber-bleib-doch\/","title":{"rendered":"Winter in der Hexenk\u00fcche: Ach Winterzauber, bleib&#8216; doch!"},"content":{"rendered":"\n<p>Im letzten Beitrag hatten wir Claudias Deko aus Naturmaterialien aus einem ganz ungewohnten Blickwinkel kennen gelernt und heute darf ich euch vorstellen, was Doris aus Schnittgut gezaubert hat, das in ihrem Hexengarten anf\u00e4llt und definitiv zu schade f\u00fcr den Kompost ist. Ich bin ganz hin und weg. Aber lest selbst:<\/p>\n\n\n\n<h3 class=\"wp-block-heading\" id=\"ach-winterzauber-bleib-doch\"><em>Ach Winterzauber, bleib&#8216; doch!<\/em><\/h3>\n\n\n\n<p><em>Der Winter meldet sich mit Schneeflocken zur\u00fcck. Na, da kann doch man guten Gewissens noch \u00fcber Weihnachts-, \u00e4h, Winterdeko reden. Ich habe ja schon vom wilden Wein an meiner lauschigen Laube erz\u00e4hlt, dem ich regelm\u00e4\u00dfig mit der Gartenschere zu Leibe r\u00fccken muss. Im Sp\u00e4therbst war der gr\u00fcne Wilde f\u00e4llig und da stand ich wieder, im wahrsten Sinne des Wortes &#8230; Geht es euch auch so, dass ihr was im Garten schneidet und dabei fieberhaft \u00fcberlegt, was ihr noch Sch\u00f6nes aus dem Schnittgut machen k\u00f6nntet? Die langen Weinranken sind mir immer schade zum Wegwerfen, und schon stehe ich wieder mitten im Garten und winde kleine Kr\u00e4nze. Meine Nachbarn denken wahrscheinlich, dass ich spinne. Ist mir aber egal, denn ich mache das total gern. Runde Formen haben was Meditatives, Entspannendes und nebenbei&nbsp; habe ich mir so einen kleinen Vorrat f\u00fcr die Weihnachtszeit geschaffen. Mit etwas Deko machen sich die Weinrankenkr\u00e4nze n\u00e4mlich prima als kleines Geschenk. Dieses Jahr zog es mich zu Wichtelkr\u00e4nzen mit frischem Tannengr\u00fcn. Und Wichteln, nat\u00fcrlich. Der Nikolaus z\u00e4hlt nicht zu der Wichtelei, das ist meiner. Der begleitet mich schon seit vielen Jahren und h\u00fcpft regelm\u00e4\u00dfig aus einem Kranz neben der Wohnungst\u00fcr.<\/em><\/p>\n\n\n\n<div class=\"wp-block-image\"><figure class=\"aligncenter size-full\"><a href=\"https:\/\/www.kleine-miri.de\/blog\/wp-content\/uploads\/2022\/02\/winterdeko_01.jpg\"><img loading=\"lazy\" decoding=\"async\" width=\"600\" height=\"600\" src=\"https:\/\/www.kleine-miri.de\/blog\/wp-content\/uploads\/2022\/02\/winterdeko_01.jpg\" alt=\"\" class=\"wp-image-3016\" srcset=\"https:\/\/www.kleine-miri.de\/blog\/wp-content\/uploads\/2022\/02\/winterdeko_01.jpg 600w, https:\/\/www.kleine-miri.de\/blog\/wp-content\/uploads\/2022\/02\/winterdeko_01-300x300.jpg 300w, https:\/\/www.kleine-miri.de\/blog\/wp-content\/uploads\/2022\/02\/winterdeko_01-150x150.jpg 150w, https:\/\/www.kleine-miri.de\/blog\/wp-content\/uploads\/2022\/02\/winterdeko_01-560x560.jpg 560w, https:\/\/www.kleine-miri.de\/blog\/wp-content\/uploads\/2022\/02\/winterdeko_01-260x260.jpg 260w, https:\/\/www.kleine-miri.de\/blog\/wp-content\/uploads\/2022\/02\/winterdeko_01-160x160.jpg 160w\" sizes=\"auto, (max-width: 600px) 100vw, 600px\" \/><\/a><\/figure><\/div>\n\n\n\n<p><em>Das Sch\u00f6ne an den Weinkr\u00e4nzen ist,&nbsp; dass es gar nicht mehr viel braucht. Ein bisschen Gr\u00fcn, ein bisschen Deko, vielleicht eine Schleife \u2013 fertig. Oft habe ich den Kleinkram sowieso daheim liegen. Upcycling auf allen Ebenen, oder?<\/em><\/p>\n\n\n\n<p><em>Dieser Doppelkranz auf dem Balkon ist auch so eine (wilde?) Kreation, die ich spontan im Advent gemacht habe. Der \u00e4u\u00dfere gro\u00dfe Kranz ist schon alt, damals hatte ich noch einen wuchernden Kn\u00f6terich. Das Material ist nicht so haltbar wie der Wein, deshalb wird der Kranz immer d\u00fcnner. Fast h\u00e4tte ich ihn schon eingesch\u00fcrt, aber dann kam mir die Idee, ihn mit einen kleineren Kranz optisch zu verst\u00e4rken. Ich mag die Sternendeko immer noch gern. Wenn es soweit ist, kommt eine Fr\u00fchlingsdeko dran, aber hey, so toll ist das Wetter noch nicht, dass ich schon in Fr\u00fchlingslaune verfallen w\u00fcrde.<\/em><\/p>\n\n\n\n<div class=\"wp-block-image\"><figure class=\"aligncenter size-full\"><a href=\"https:\/\/www.kleine-miri.de\/blog\/wp-content\/uploads\/2022\/02\/winterdeko_02.jpg\"><img loading=\"lazy\" decoding=\"async\" width=\"400\" height=\"465\" src=\"https:\/\/www.kleine-miri.de\/blog\/wp-content\/uploads\/2022\/02\/winterdeko_02.jpg\" alt=\"\" class=\"wp-image-3017\" srcset=\"https:\/\/www.kleine-miri.de\/blog\/wp-content\/uploads\/2022\/02\/winterdeko_02.jpg 400w, https:\/\/www.kleine-miri.de\/blog\/wp-content\/uploads\/2022\/02\/winterdeko_02-258x300.jpg 258w, https:\/\/www.kleine-miri.de\/blog\/wp-content\/uploads\/2022\/02\/winterdeko_02-260x302.jpg 260w, https:\/\/www.kleine-miri.de\/blog\/wp-content\/uploads\/2022\/02\/winterdeko_02-160x186.jpg 160w\" sizes=\"auto, (max-width: 400px) 100vw, 400px\" \/><\/a><\/figure><\/div>\n\n\n\n<p><em>Von den kleinen Waldlandschaften in den gro\u00dfen Blument\u00f6pfen kann ich mich auch noch nicht trennen. Hirsche sind so ein sch\u00f6nes Wintermotiv, das man mit ein paar Handgriffen und ein bisschen Material aus der Natur in einer Wunderwelt in Szene setzen kann.<\/em><\/p>\n\n\n\n<div class=\"wp-block-image\"><figure class=\"aligncenter size-full\"><a href=\"https:\/\/www.kleine-miri.de\/blog\/wp-content\/uploads\/2022\/02\/winterdeko_03.jpg\"><img loading=\"lazy\" decoding=\"async\" width=\"600\" height=\"600\" src=\"https:\/\/www.kleine-miri.de\/blog\/wp-content\/uploads\/2022\/02\/winterdeko_03.jpg\" alt=\"\" class=\"wp-image-3018\" srcset=\"https:\/\/www.kleine-miri.de\/blog\/wp-content\/uploads\/2022\/02\/winterdeko_03.jpg 600w, https:\/\/www.kleine-miri.de\/blog\/wp-content\/uploads\/2022\/02\/winterdeko_03-300x300.jpg 300w, https:\/\/www.kleine-miri.de\/blog\/wp-content\/uploads\/2022\/02\/winterdeko_03-150x150.jpg 150w, https:\/\/www.kleine-miri.de\/blog\/wp-content\/uploads\/2022\/02\/winterdeko_03-560x560.jpg 560w, https:\/\/www.kleine-miri.de\/blog\/wp-content\/uploads\/2022\/02\/winterdeko_03-260x260.jpg 260w, https:\/\/www.kleine-miri.de\/blog\/wp-content\/uploads\/2022\/02\/winterdeko_03-160x160.jpg 160w\" sizes=\"auto, (max-width: 600px) 100vw, 600px\" \/><\/a><\/figure><\/div>\n\n\n\n<p><em>Ein bisschen Moos, ein paar Zapfen, Baumrinde, Kiefernzweige \u2013 fertig. Unter dem Moos liegen die Krokuszwiebeln in der Erde und warten auf ihren Einsatz. Kleine Winterstr\u00e4u\u00dfe aus Fundzweigen gehen auch so flott, machen Freude und halten sehr lange.<\/em><\/p>\n\n\n\n<p><em>Winterdeko ist was Feines zum Tr\u00e4umen. Wenn dann noch ein paar Schneeflocken fallen \u2013 umso sch\u00f6ner. Wenn dann die Zeit gekommen ist, darf sie dem Fr\u00fchlingszauber weichen.<\/em><\/p>\n\n\n\n<p>Ob das mit dem Schnee diesen Winter noch was wird, l\u00e4sst sich im Moment nicht sagen, aber mit deiner h\u00fcbschen Winterdeko, liebe Doris, hat man wenigstens etwas zum Tr\u00e4umen. Die kleinen Topflandschaften sind total zauberhaft. So etwas m\u00f6chte ich auch. Vor allem sehen sie bei dir so sch\u00f6n nat\u00fcrlich und kein bisschen kitschig aus. Und \u00fcber mein Schnittgut im Garten werde ich jetzt auch mit anderen dr\u00fcberschauen. Vielleicht vers\u00f6hnt mich das ein bisschen mit der wuchernden Waldrebe. Aus der lassen sich bestimmt auch sch\u00f6ne Kr\u00e4nze flechten. Vielen lieben Dank f\u00fcr diese tollen Inspirationen! Und wenn der Winter vorbei ist, l\u00e4sst sich ja auch gut Fr\u00fchlingsdeko daraus zaubern, oder?<\/p>\n","protected":false},"excerpt":{"rendered":"<p>Im letzten Beitrag hatten wir Claudias Deko aus Naturmaterialien aus einem ganz ungewohnten Blickwinkel kennen gelernt und heute darf ich euch vorstellen, was Doris aus Schnittgut gezaubert hat, das in ihrem Hexengarten anf\u00e4llt und definitiv zu schade f\u00fcr den Kompost&hellip;<\/p>\n<p class=\"more-link-p\"><a class=\"more-link\" href=\"https:\/\/www.kleine-miri.de\/blog\/2022\/02\/12\/winter-in-der-hexenkueche-ach-winterzauber-bleib-doch\/\">Weiterlesen &rarr;<\/a><\/p>\n","protected":false},"author":1,"featured_media":0,"comment_status":"open","ping_status":"open","sticky":false,"template":"","format":"standard","meta":{"footnotes":""},"categories":[11,10,8,7],"tags":[],"class_list":["post-3000","post","type-post","status-publish","format-standard","hentry","category-bastelei","category-gartnern","category-natur","category-pflanzen"],"_links":{"self":[{"href":"https:\/\/www.kleine-miri.de\/blog\/wp-json\/wp\/v2\/posts\/3000","targetHints":{"allow":["GET"]}}],"collection":[{"href":"https:\/\/www.kleine-miri.de\/blog\/wp-json\/wp\/v2\/posts"}],"about":[{"href":"https:\/\/www.kleine-miri.de\/blog\/wp-json\/wp\/v2\/types\/post"}],"author":[{"embeddable":true,"href":"https:\/\/www.kleine-miri.de\/blog\/wp-json\/wp\/v2\/users\/1"}],"replies":[{"embeddable":true,"href":"https:\/\/www.kleine-miri.de\/blog\/wp-json\/wp\/v2\/comments?post=3000"}],"version-history":[{"count":4,"href":"https:\/\/www.kleine-miri.de\/blog\/wp-json\/wp\/v2\/posts\/3000\/revisions"}],"predecessor-version":[{"id":3027,"href":"https:\/\/www.kleine-miri.de\/blog\/wp-json\/wp\/v2\/posts\/3000\/revisions\/3027"}],"wp:attachment":[{"href":"https:\/\/www.kleine-miri.de\/blog\/wp-json\/wp\/v2\/media?parent=3000"}],"wp:term":[{"taxonomy":"category","embeddable":true,"href":"https:\/\/www.kleine-miri.de\/blog\/wp-json\/wp\/v2\/categories?post=3000"},{"taxonomy":"post_tag","embeddable":true,"href":"https:\/\/www.kleine-miri.de\/blog\/wp-json\/wp\/v2\/tags?post=3000"}],"curies":[{"name":"wp","href":"https:\/\/api.w.org\/{rel}","templated":true}]}}