{"id":3087,"date":"2022-08-31T12:07:52","date_gmt":"2022-08-31T10:07:52","guid":{"rendered":"https:\/\/www.kleine-miri.de\/blog\/?p=3087"},"modified":"2022-08-31T12:07:52","modified_gmt":"2022-08-31T10:07:52","slug":"sommer-im-hexengarten-verfolgt-2","status":"publish","type":"post","link":"https:\/\/www.kleine-miri.de\/blog\/2022\/08\/31\/sommer-im-hexengarten-verfolgt-2\/","title":{"rendered":"Sommer im Hexengarten: Verfolgt 2"},"content":{"rendered":"\n<p>Einen Garten zu haben, ist immer auch ein St\u00fcck Abenteuer. Neulich hat uns Doris schon berichtet, dass sie von einer Blume verfolgt wird, heute erz\u00e4hlt uns die liebe Claudia ihre &#8222;Verfolgungsgeschichte&#8220;. Zum Gl\u00fcck hat sie aber gleich ein simples Mittel gegen ihren etwas weniger angenehmen Verfolger parat. Lest selbst.<\/p>\n\n\n\n<p><strong><em>Verfolgt<\/em><\/strong><\/p>\n\n\n\n<p><em>Ich werde auch gerade verfolgt<\/em>. <\/p>\n\n\n\n<p><em>Vor ein paar Wochen habe ich \u00fcber die Tomaten\u00a0<strong>Bl\u00fctenendf\u00e4u<\/strong><\/em><strong><em>le<\/em><\/strong> <em>gelesen. Dachte hoffentlich kommt diese Seuche nicht zu mir. Seit 38 Jahren habe ich einen eigenen Garten und ziehe jedes Jahr meine Tomaten. Hatte noch nie zuvor von dieser Krankheit geh\u00f6rt. Vor kurzem erz\u00e4hlt mir mein Schwager, dass seine Tomaten alle krank sind \u2013 alle sind vorne an der Tomate braun. Da konnte ich nat\u00fcrlich mit meinem Wissen gl\u00e4nzen und habe ihm erkl\u00e4rt: Calciumtabletten helfen. 2 Tage sp\u00e4ter ruft meine Tochter an: &#8222;Schau dir meine sch\u00f6nen Tomatenpflanzen an&#8220; &#8211; und wieder Bl\u00fctenendf\u00e4ule, genau das gleiche bei verschiedenen Nachbarn und meiner Freundin und seit gestern hat eine Tomate im Topf bei mir auch Bl\u00fctenendf\u00e4ule.\u00a0<\/em><\/p>\n\n\n<div class=\"wp-block-image\">\n<figure class=\"aligncenter size-full\"><a href=\"https:\/\/www.kleine-miri.de\/blog\/wp-content\/uploads\/2022\/08\/bluetenendfaeule_600px-rotated.jpeg\"><img loading=\"lazy\" decoding=\"async\" width=\"450\" height=\"600\" src=\"https:\/\/www.kleine-miri.de\/blog\/wp-content\/uploads\/2022\/08\/bluetenendfaeule_600px-rotated.jpeg\" alt=\"\" class=\"wp-image-3088\" srcset=\"https:\/\/www.kleine-miri.de\/blog\/wp-content\/uploads\/2022\/08\/bluetenendfaeule_600px-rotated.jpeg 450w, https:\/\/www.kleine-miri.de\/blog\/wp-content\/uploads\/2022\/08\/bluetenendfaeule_600px-225x300.jpeg 225w, https:\/\/www.kleine-miri.de\/blog\/wp-content\/uploads\/2022\/08\/bluetenendfaeule_600px-260x347.jpeg 260w, https:\/\/www.kleine-miri.de\/blog\/wp-content\/uploads\/2022\/08\/bluetenendfaeule_600px-160x213.jpeg 160w\" sizes=\"auto, (max-width: 450px) 100vw, 450px\" \/><\/a><figcaption><em>So sieht die Bl\u00fctenendf\u00e4ule aus<\/em><\/figcaption><\/figure>\n<\/div>\n\n\n<p><em>Jetzt habe ich bei allen nachgefragt und diese Krankheit kommt nur bei Topfpflanzen vor, aha dachte ich mir &#8211; dann erscheint der&nbsp;Calciummangel logisch.<\/em><\/p>\n\n\n\n<p><em>Ich denke aber es h\u00e4ngt auch mit Corona zusammen noch nie gab es so viele Tomaten auf dem Balkon , Garten oder der Terrasse ( also bei meinen Bekannten). Man hatte mehr Zeit?<\/em><\/p>\n\n\n\n<p><em>Dann ist mir noch etwas nettes passiert: Mein Mann rettet vor 45 Jahren einen Bogenhanf der sollte entsorgt werden. Er f\u00e4ngt jetzt an zu bl\u00fchen- hihi ich glaube ihm gef\u00e4llt es bei uns.<\/em><\/p>\n\n\n<div class=\"wp-block-image\">\n<figure class=\"aligncenter size-full\"><a href=\"https:\/\/www.kleine-miri.de\/blog\/wp-content\/uploads\/2022\/08\/bogenhanf_600px.jpeg\"><img loading=\"lazy\" decoding=\"async\" width=\"345\" height=\"600\" src=\"https:\/\/www.kleine-miri.de\/blog\/wp-content\/uploads\/2022\/08\/bogenhanf_600px.jpeg\" alt=\"\" class=\"wp-image-3089\" srcset=\"https:\/\/www.kleine-miri.de\/blog\/wp-content\/uploads\/2022\/08\/bogenhanf_600px.jpeg 345w, https:\/\/www.kleine-miri.de\/blog\/wp-content\/uploads\/2022\/08\/bogenhanf_600px-173x300.jpeg 173w, https:\/\/www.kleine-miri.de\/blog\/wp-content\/uploads\/2022\/08\/bogenhanf_600px-260x452.jpeg 260w, https:\/\/www.kleine-miri.de\/blog\/wp-content\/uploads\/2022\/08\/bogenhanf_600px-160x278.jpeg 160w\" sizes=\"auto, (max-width: 345px) 100vw, 345px\" \/><\/a><figcaption><em>Die erste Bl\u00fcte nach 45 Jahren?<\/em><\/figcaption><\/figure>\n<\/div>\n\n\n<p><em>Bei uns ist alles trocken und wir hoffen auf Regen. \u00dcberall haben wir f\u00fcr die Insekten und V\u00f6gel Wasser aufgestellt. Die Wespen fressen trotzdem meine \u00c4pfel an und die Hornissen \u201eringeln&#8220; meine Quitte.<\/em><\/p>\n\n\n<div class=\"wp-block-image\">\n<figure class=\"aligncenter size-full\"><a href=\"https:\/\/www.kleine-miri.de\/blog\/wp-content\/uploads\/2022\/08\/wespen_600px.jpeg\"><img loading=\"lazy\" decoding=\"async\" width=\"444\" height=\"600\" src=\"https:\/\/www.kleine-miri.de\/blog\/wp-content\/uploads\/2022\/08\/wespen_600px.jpeg\" alt=\"\" class=\"wp-image-3091\" srcset=\"https:\/\/www.kleine-miri.de\/blog\/wp-content\/uploads\/2022\/08\/wespen_600px.jpeg 444w, https:\/\/www.kleine-miri.de\/blog\/wp-content\/uploads\/2022\/08\/wespen_600px-222x300.jpeg 222w, https:\/\/www.kleine-miri.de\/blog\/wp-content\/uploads\/2022\/08\/wespen_600px-260x351.jpeg 260w, https:\/\/www.kleine-miri.de\/blog\/wp-content\/uploads\/2022\/08\/wespen_600px-160x216.jpeg 160w\" sizes=\"auto, (max-width: 444px) 100vw, 444px\" \/><\/a><figcaption><em>Die Hornissen bei der &#8222;Arbeit&#8220;&#8230;<\/em><\/figcaption><\/figure>\n<\/div>\n\n\n<p><em>Hoffe es geht euch allen gut<\/em>.<\/p>\n\n\n\n<p><em>Liebe Gr\u00fc\u00dfe,<\/em><br><em>Claudia<\/em><\/p>\n\n\n\n<p>Ganz herzlichen Dank, liebe Claudia, f\u00fcr diesen Blick \u00fcber den Gartenzaun! Auch wenn es nicht nur angenehme Begegnungen sind, von denen die da berichtest, eines nehme ich mit: in einem Garten erlebt man auch noch nach Jahrzehnten Neues und \u00dcberraschendes. Das ist doch ermutigend. So h\u00e4lt G\u00e4rtnern wohl nicht nur k\u00f6rperlich, sondern auch geistig fit.<\/p>\n","protected":false},"excerpt":{"rendered":"<p>Einen Garten zu haben, ist immer auch ein St\u00fcck Abenteuer. Neulich hat uns Doris schon berichtet, dass sie von einer Blume verfolgt wird, heute erz\u00e4hlt uns die liebe Claudia ihre &#8222;Verfolgungsgeschichte&#8220;. Zum Gl\u00fcck hat sie aber gleich ein simples Mittel&hellip;<\/p>\n<p class=\"more-link-p\"><a class=\"more-link\" href=\"https:\/\/www.kleine-miri.de\/blog\/2022\/08\/31\/sommer-im-hexengarten-verfolgt-2\/\">Weiterlesen &rarr;<\/a><\/p>\n","protected":false},"author":1,"featured_media":0,"comment_status":"open","ping_status":"open","sticky":false,"template":"","format":"standard","meta":{"footnotes":""},"categories":[10,14,8],"tags":[],"class_list":["post-3087","post","type-post","status-publish","format-standard","hentry","category-gartnern","category-geschichten","category-natur"],"_links":{"self":[{"href":"https:\/\/www.kleine-miri.de\/blog\/wp-json\/wp\/v2\/posts\/3087","targetHints":{"allow":["GET"]}}],"collection":[{"href":"https:\/\/www.kleine-miri.de\/blog\/wp-json\/wp\/v2\/posts"}],"about":[{"href":"https:\/\/www.kleine-miri.de\/blog\/wp-json\/wp\/v2\/types\/post"}],"author":[{"embeddable":true,"href":"https:\/\/www.kleine-miri.de\/blog\/wp-json\/wp\/v2\/users\/1"}],"replies":[{"embeddable":true,"href":"https:\/\/www.kleine-miri.de\/blog\/wp-json\/wp\/v2\/comments?post=3087"}],"version-history":[{"count":4,"href":"https:\/\/www.kleine-miri.de\/blog\/wp-json\/wp\/v2\/posts\/3087\/revisions"}],"predecessor-version":[{"id":3094,"href":"https:\/\/www.kleine-miri.de\/blog\/wp-json\/wp\/v2\/posts\/3087\/revisions\/3094"}],"wp:attachment":[{"href":"https:\/\/www.kleine-miri.de\/blog\/wp-json\/wp\/v2\/media?parent=3087"}],"wp:term":[{"taxonomy":"category","embeddable":true,"href":"https:\/\/www.kleine-miri.de\/blog\/wp-json\/wp\/v2\/categories?post=3087"},{"taxonomy":"post_tag","embeddable":true,"href":"https:\/\/www.kleine-miri.de\/blog\/wp-json\/wp\/v2\/tags?post=3087"}],"curies":[{"name":"wp","href":"https:\/\/api.w.org\/{rel}","templated":true}]}}