{"id":3101,"date":"2022-09-17T15:23:31","date_gmt":"2022-09-17T13:23:31","guid":{"rendered":"https:\/\/www.kleine-miri.de\/blog\/?p=3101"},"modified":"2022-09-17T15:23:31","modified_gmt":"2022-09-17T13:23:31","slug":"sommer-im-hexengarten-gartenexperimente","status":"publish","type":"post","link":"https:\/\/www.kleine-miri.de\/blog\/2022\/09\/17\/sommer-im-hexengarten-gartenexperimente\/","title":{"rendered":"Sommer im Hexengarten: Gartenexperimente"},"content":{"rendered":"\n<p>Davon, dass es mit einem Garten nie langweilig wird und das G\u00e4rtnern nicht nur k\u00f6rperlich, sondern auch geistig fit h\u00e4lt, hatten wir es in Claudias letztem Beitrag schon. Von Experiementierfreude und Erfindergeist zeugt auch, was Doris mir geschickt hat. Die beiden Ideen, die sie vorstellt, werde ich mir auf jeden Fall auf die To-try-Liste setzen. Aber ich will nix spoilern, sondern schaut selbst, was sie tolles gebastelt hat \ud83d\ude42<\/p>\n\n\n\n<p><strong><em>Gartenexperimente 2022<\/em><\/strong><\/p>\n\n\n\n<p><em>Der Sommer neigt sich dem Ende zu und es wird Zeit f\u00fcr eine Bilanz, wie meine diesj\u00e4hrigen Gartenexperimente zu den Themen \u201eSchneckenschreck und Bew\u00e4sserungshilfen\u201c ausgegangen sind.<\/em><\/p>\n\n\n<div class=\"wp-block-image\">\n<figure class=\"aligncenter size-full\"><a href=\"https:\/\/www.kleine-miri.de\/blog\/wp-content\/uploads\/2022\/09\/01_Schneckenkragen_Luise.jpg\"><img loading=\"lazy\" decoding=\"async\" width=\"400\" height=\"482\" src=\"https:\/\/www.kleine-miri.de\/blog\/wp-content\/uploads\/2022\/09\/01_Schneckenkragen_Luise.jpg\" alt=\"\" class=\"wp-image-3102\" srcset=\"https:\/\/www.kleine-miri.de\/blog\/wp-content\/uploads\/2022\/09\/01_Schneckenkragen_Luise.jpg 400w, https:\/\/www.kleine-miri.de\/blog\/wp-content\/uploads\/2022\/09\/01_Schneckenkragen_Luise-249x300.jpg 249w, https:\/\/www.kleine-miri.de\/blog\/wp-content\/uploads\/2022\/09\/01_Schneckenkragen_Luise-260x313.jpg 260w, https:\/\/www.kleine-miri.de\/blog\/wp-content\/uploads\/2022\/09\/01_Schneckenkragen_Luise-160x193.jpg 160w\" sizes=\"auto, (max-width: 400px) 100vw, 400px\" \/><\/a><\/figure>\n<\/div>\n\n\n<p><em>Die Dame, die da so resolut unter den Buschbohnen raus schaut ist Luise, genauer gesagt Luise H\u00e4ndlmaier. Hoffentlich bezichtigt mich niemand der Majest\u00e4tsbeleidigung, wenn ich Frau H\u00e4ndlmaier mit einem eindeutig vegetarischen Arbeitsauftrag zeige, denn im kollektiven bayerischen Ged\u00e4chtnis ist sie untrennbar verkn\u00fcpft mit Wei\u00dfwurst, s\u00fc\u00dfer Senf, frische Brezen, Wei\u00dfbier (und all das bis kurz vorm Mittagsl\u00e4uten). Ihr Konterfei ziert hier eine hausgemachte Schneckenabwehr, besser bekannt als Schneckenkragen. Hoffentlich mag sie die Idee, dass ihre Senfeimerchen dank smartem Upcycling ein zweites Leben im Gr\u00fcnen bekommen anstatt l\u00f6ffelrein auf irgendeiner M\u00fcllkippe oder gar im Meer zu landen.<\/em><\/p>\n\n\n\n<p><em>Solche DIY-Schneckenkr\u00e4gen hatte ich im Internet gesehen und zum Gl\u00fcck stapelten sich schon Joghurt- und Senfeimerchen sowie einige Pl\u00e4tzchendosen im K\u00fcchenregal (weil: kann man vielleicht noch mal brauchen!). Der Clou ist der verdickte Rand oben, auf dem der Deckel sitzt. Der soll es den Schnecken zumindest erschweren, an die Pflanzen ranzukommen. Als doppelten Boden investierte ich noch in ein selbstklebendes Kupferband, nachdem Kupfer auf Schnecken wirken soll wie ein elektrischer Weidezaun aufs Rindvieh. Das DIY geht ganz flott: Boden aus dem Eimerchen schneiden, den Henkel abmontieren, Kupferband drumrum, das wars. Tomatenpflanzen und Buschbohnen waren die ersten Probanden im Feldversuch. Die Kragenh\u00fclsen bilden eine gute St\u00fctze f\u00fcr noch kleine Pflanzen und sind vor allem eine prima Gie\u00dfhilfe, denn mit dem Kragen gie\u00dft man immer sch\u00f6n direkt in den Wurzelbereich. Im weiteren Verlauf habe ich Zucchini, K\u00fcrbis und Gurken mit solchen Schneckenkr\u00e4gen in den Hochbeeten ausgepflanzt, au\u00dferdem Kohlrabi, Dahlien und aktuell ein paar Zuckerhutpfl\u00e4nzchen.<\/em><\/p>\n\n\n<div class=\"wp-block-image\">\n<figure class=\"aligncenter size-full\"><a href=\"https:\/\/www.kleine-miri.de\/blog\/wp-content\/uploads\/2022\/09\/02_Schneckenkragen_Tomate.jpg\"><img loading=\"lazy\" decoding=\"async\" width=\"600\" height=\"270\" src=\"https:\/\/www.kleine-miri.de\/blog\/wp-content\/uploads\/2022\/09\/02_Schneckenkragen_Tomate.jpg\" alt=\"\" class=\"wp-image-3103\" srcset=\"https:\/\/www.kleine-miri.de\/blog\/wp-content\/uploads\/2022\/09\/02_Schneckenkragen_Tomate.jpg 600w, https:\/\/www.kleine-miri.de\/blog\/wp-content\/uploads\/2022\/09\/02_Schneckenkragen_Tomate-300x135.jpg 300w, https:\/\/www.kleine-miri.de\/blog\/wp-content\/uploads\/2022\/09\/02_Schneckenkragen_Tomate-560x252.jpg 560w, https:\/\/www.kleine-miri.de\/blog\/wp-content\/uploads\/2022\/09\/02_Schneckenkragen_Tomate-260x117.jpg 260w, https:\/\/www.kleine-miri.de\/blog\/wp-content\/uploads\/2022\/09\/02_Schneckenkragen_Tomate-160x72.jpg 160w\" sizes=\"auto, (max-width: 600px) 100vw, 600px\" \/><\/a><\/figure>\n<\/div>\n\n\n<p><em>Bringt es das denn nun auch? Nun, es war ein extrem trockenes Gartenjahr, aber trotzdem hatte ich in den sp\u00e4rlichen Regenzeiten ziemlich viele Nacktschnecken in meinem (Hoch-) Beeten. Die lauern irgendwo im K\u00fchlen, bis es sich wieder leichter \u00fcbers Gr\u00fcn rutscht. Mag sein, dass die fertig gekauften Schneckenkr\u00e4gen mit dem gr\u00f6\u00dferen \u00dcberhang effektiver sind, weil die Kriecher noch mehr F\u00e4higkeiten im Bouldern beweisen m\u00fcssen, bis sie den Kragen entern k\u00f6nnen. Trotzdem: Jede Schnecke, die angesichts eines Hindernisses entnervt aufgibt, ist eine Gefahr weniger. Klar, man muss das Ganze im Blick behalten und vor allem Blattbr\u00fccken rigoros entfernen, aber komplett ohne diesen Schutz h\u00e4tten meine Pflanzen mit Sicherheit mehr gelitten. Die Gie\u00dfhilfe ist auch nicht zu verachten und spart dazu noch Wasser.<\/em><\/p>\n\n\n\n<p><em>Womit wir beim n\u00e4chsten Experiment w\u00e4ren: La Olla, eine feurige Spanierin, die einem k\u00fchlen Drink nicht abgeneigt ist, den sie aber (sparsam dosiert) mit ihrer durstigen Umgebung teilt.<\/em><\/p>\n\n\n<div class=\"wp-block-image\">\n<figure class=\"aligncenter size-full\"><a href=\"https:\/\/www.kleine-miri.de\/blog\/wp-content\/uploads\/2022\/09\/03_Olla_leer.jpg\"><img loading=\"lazy\" decoding=\"async\" width=\"600\" height=\"237\" src=\"https:\/\/www.kleine-miri.de\/blog\/wp-content\/uploads\/2022\/09\/03_Olla_leer.jpg\" alt=\"\" class=\"wp-image-3104\" srcset=\"https:\/\/www.kleine-miri.de\/blog\/wp-content\/uploads\/2022\/09\/03_Olla_leer.jpg 600w, https:\/\/www.kleine-miri.de\/blog\/wp-content\/uploads\/2022\/09\/03_Olla_leer-300x119.jpg 300w, https:\/\/www.kleine-miri.de\/blog\/wp-content\/uploads\/2022\/09\/03_Olla_leer-560x221.jpg 560w, https:\/\/www.kleine-miri.de\/blog\/wp-content\/uploads\/2022\/09\/03_Olla_leer-260x103.jpg 260w, https:\/\/www.kleine-miri.de\/blog\/wp-content\/uploads\/2022\/09\/03_Olla_leer-160x63.jpg 160w\" sizes=\"auto, (max-width: 600px) 100vw, 600px\" \/><\/a><\/figure>\n<\/div>\n\n\n<p><em>Die Bew\u00e4sserungsmethode mit den Ton-Ollas (\u201colla\u201d ist das spanische Wort f\u00fcr \u201cTopf\u201d) ist in unserem D\u00fcrresommer richtig in Mode gekommen, und auch daf\u00fcr gibt es viele DIY-Ideen im Internet. Ich habe mich f\u00fcr eine einfache Variante entschieden mit nur einem Topf anstatt zweien, die zu einem Kegel zusammengeklebt werden. Dazu habe ich unglasierte Standard-Blument\u00f6pfe aus Ton mit einem zugeschnittenen Weinkorken und Kerzenwachs nach unten hin abgedichtet und sie bis zum Rand im Tomatenbeet versenkt. Wasser rein, Unterteller als Deckel drauf, fertig. Auf einer Breite von 1,50 m verteilen sich aktuell 3 solcher Wasserspeicher.<\/em><\/p>\n\n\n<div class=\"wp-block-image\">\n<figure class=\"aligncenter size-full\"><a href=\"https:\/\/www.kleine-miri.de\/blog\/wp-content\/uploads\/2022\/09\/04_Olla_vergraben.jpg\"><img loading=\"lazy\" decoding=\"async\" width=\"600\" height=\"270\" src=\"https:\/\/www.kleine-miri.de\/blog\/wp-content\/uploads\/2022\/09\/04_Olla_vergraben.jpg\" alt=\"\" class=\"wp-image-3105\" srcset=\"https:\/\/www.kleine-miri.de\/blog\/wp-content\/uploads\/2022\/09\/04_Olla_vergraben.jpg 600w, https:\/\/www.kleine-miri.de\/blog\/wp-content\/uploads\/2022\/09\/04_Olla_vergraben-300x135.jpg 300w, https:\/\/www.kleine-miri.de\/blog\/wp-content\/uploads\/2022\/09\/04_Olla_vergraben-560x252.jpg 560w, https:\/\/www.kleine-miri.de\/blog\/wp-content\/uploads\/2022\/09\/04_Olla_vergraben-260x117.jpg 260w, https:\/\/www.kleine-miri.de\/blog\/wp-content\/uploads\/2022\/09\/04_Olla_vergraben-160x72.jpg 160w\" sizes=\"auto, (max-width: 600px) 100vw, 600px\" \/><\/a><\/figure>\n<\/div>\n\n\n<p><em>Der Wasservorrat schwindet erstaunlich langsam: So ein Topf mit knapp 15 cm Durchmesser h\u00e4lt etwa 2 Wochen aus. Anfangs habe ich meiner eigenen Courage nicht getraut und die Tomaten und Buschbohnen noch alle 2 &#8211; 3 Tage zus\u00e4tzlich gegossen. Das mache ich jetzt kaum noch, sondern fast nur noch, wenn ich Fl\u00fcssigd\u00fcnger geben will. Bei den Tomatenpflanzen hat diese Bew\u00e4sserungsmethode auf jeden Fall mit zus\u00e4tzlichen Ma\u00dfnahmen wie Schattierung bei extrem gro\u00dfer Hitze recht gut funktioniert. Ich war \u00fcberrascht, das muss ich zugeben. N\u00e4chstes Jahr m\u00f6chte ich solche Ollas im Hochbeet und in Blumenk\u00e4sten auf dem Balkon ausprobieren, die auch Kandidaten f\u00fcr einen hohen Wasserbedarf sind.<\/em><\/p>\n\n\n\n<p> <em>Ich bin mit dem Ergebnis meiner Experimente ganz zufrieden. Pr\u00e4dikat: \u201eAusbauf\u00e4hig\u201c.<\/em><\/p>\n\n\n\n<p>Ganz herzlichen Dank, liebe Doris, f\u00fcr diese sch\u00f6nen und ehrlichen Erfahrungsbericht! Ich w\u00fcrde deinen beiden Experimenten vor allem das Pr\u00e4dikat geben: &#8222;Unbedingt ausprobieren&#8220;. Vielleicht h\u00e4tte mit den Selbstbauschneckenkragen wenigstens eines meiner armen Buschbasilikum-Pfl\u00e4nzchen den Sommer \u00fcberlebt, denn die Lage bei mir im Garten scheint ganz \u00e4hnlich: trotz Trockenheit viele kleine Nacktschnecken. Mit Schneckenkorn mag ich nicht hantieren, auch weil gerade die kleinen Schneckchen das Lieblingsessen der Gl\u00fchw\u00fcrmchenlarven sind und die Gl\u00fchw\u00fcrmchen will ich garantiert nicht aus dem Garten vertreiben. Aber das Basilikum-Massaker nehme ich ihnen schon ziemlich \u00fcbel. Und die Olla h\u00e4tte ich dieses Jahr vor allem auch im Tomatenbeet gut gebrauchen k\u00f6nnen. Da gibt es Dank der Trockenheit statt Cocktailtomaten heuer eher Zwergentomaten. Das merke ich mir f\u00fcr&#8217;s n\u00e4chste Jahr auf jeden Fall vor. Ich bin ganz begeistert! Habt ihr auch so tolle Experimente im Garten gestartet? Oder noch andere Tricks, wie man Trockenheit und Schnecken austricksen kann?<\/p>\n","protected":false},"excerpt":{"rendered":"<p>Davon, dass es mit einem Garten nie langweilig wird und das G\u00e4rtnern nicht nur k\u00f6rperlich, sondern auch geistig fit h\u00e4lt, hatten wir es in Claudias letztem Beitrag schon. Von Experiementierfreude und Erfindergeist zeugt auch, was Doris mir geschickt hat. Die&hellip;<\/p>\n<p class=\"more-link-p\"><a class=\"more-link\" href=\"https:\/\/www.kleine-miri.de\/blog\/2022\/09\/17\/sommer-im-hexengarten-gartenexperimente\/\">Weiterlesen &rarr;<\/a><\/p>\n","protected":false},"author":1,"featured_media":0,"comment_status":"open","ping_status":"open","sticky":false,"template":"","format":"standard","meta":{"footnotes":""},"categories":[11,10,7],"tags":[],"class_list":["post-3101","post","type-post","status-publish","format-standard","hentry","category-bastelei","category-gartnern","category-pflanzen"],"_links":{"self":[{"href":"https:\/\/www.kleine-miri.de\/blog\/wp-json\/wp\/v2\/posts\/3101","targetHints":{"allow":["GET"]}}],"collection":[{"href":"https:\/\/www.kleine-miri.de\/blog\/wp-json\/wp\/v2\/posts"}],"about":[{"href":"https:\/\/www.kleine-miri.de\/blog\/wp-json\/wp\/v2\/types\/post"}],"author":[{"embeddable":true,"href":"https:\/\/www.kleine-miri.de\/blog\/wp-json\/wp\/v2\/users\/1"}],"replies":[{"embeddable":true,"href":"https:\/\/www.kleine-miri.de\/blog\/wp-json\/wp\/v2\/comments?post=3101"}],"version-history":[{"count":3,"href":"https:\/\/www.kleine-miri.de\/blog\/wp-json\/wp\/v2\/posts\/3101\/revisions"}],"predecessor-version":[{"id":3108,"href":"https:\/\/www.kleine-miri.de\/blog\/wp-json\/wp\/v2\/posts\/3101\/revisions\/3108"}],"wp:attachment":[{"href":"https:\/\/www.kleine-miri.de\/blog\/wp-json\/wp\/v2\/media?parent=3101"}],"wp:term":[{"taxonomy":"category","embeddable":true,"href":"https:\/\/www.kleine-miri.de\/blog\/wp-json\/wp\/v2\/categories?post=3101"},{"taxonomy":"post_tag","embeddable":true,"href":"https:\/\/www.kleine-miri.de\/blog\/wp-json\/wp\/v2\/tags?post=3101"}],"curies":[{"name":"wp","href":"https:\/\/api.w.org\/{rel}","templated":true}]}}