{"id":372,"date":"2013-10-07T21:19:53","date_gmt":"2013-10-07T19:19:53","guid":{"rendered":"http:\/\/www.kleine-miri.de\/blog\/?p=372"},"modified":"2013-10-07T21:19:53","modified_gmt":"2013-10-07T19:19:53","slug":"seelenfutter-fur-die-dunkle-jahreszeit","status":"publish","type":"post","link":"https:\/\/www.kleine-miri.de\/blog\/2013\/10\/07\/seelenfutter-fur-die-dunkle-jahreszeit\/","title":{"rendered":"Seelenfutter f\u00fcr die dunkle Jahreszeit"},"content":{"rendered":"<p>&#8222;Nanu, es ist ja schon dunkel!&#8220; Das dachte ich in den letzten Tagen regelm\u00e4\u00dfig. Auch wenn es heute noch einen sch\u00f6nen Altweibersommertag gab, steuern wir eindeutig auf die dunkle Jahreszeit zu. Passend dazu habe ich zum Gl\u00fcck ein nettes Blog-Event entdeckt: <a href=\"http:\/\/blog.punktkommatext.de\/seelenfutter-blogevent-mit-verlosung\/\">Seelenfutter<\/a>. Sabine, die Autorin des gleichnamigen Buches &#8222;Seelenfutter&#8220;, hat auf ihrem Blog aufgerufen, Geheimrezepte gegen dunkle Stimmung in der dunklen Zeit zu sammeln. Die Idee finde ich super. Deswegen bin ich auch gleich mit dabei und stelle hier ein paar meiner &#8222;Stimmungsaufheller&#8220; vor.<\/p>\n<p><a href=\"https:\/\/www.kleine-miri.de\/blog\/wp-content\/uploads\/2013\/10\/marienkaefer.jpg\"><img loading=\"lazy\" decoding=\"async\" class=\"alignnone size-full wp-image-392\" alt=\"marienkaefer\" src=\"https:\/\/www.kleine-miri.de\/blog\/wp-content\/uploads\/2013\/10\/marienkaefer.jpg\" width=\"800\" height=\"524\" \/><\/a><\/p>\n<p><strong>1. Licht, Licht und Licht<\/strong><br \/>\nDer eigentliche Grund f\u00fcr Stimmungstiefs im Herbst und Winter ist wahrscheinlich fast immer der Lichtmangel. Deswegen: so viel wie m\u00f6glich tags\u00fcber spazieren gehen. Auch wenn der Himmel grau und wolkenverhangen ist, kriegt man drau\u00dfen mehr Licht ab, als man meint. Um Vitamin D-Mangel vorzubeugen sollen schon 15 Minuten t\u00e4glich reichen. Und gerade zusammen mit Freunden kann es auch bei Sauwetter Spa\u00df machen, \u00fcber Pf\u00fctzen zu springen oder sich Gruselgeschichten zu erz\u00e4hlen, wenn die Nebel heranziehen.<\/p>\n<p><strong>2. R\u00e4ucherduft und Feuerzauber<br \/>\n<\/strong>Im Fr\u00fchling und Sommer duftet die ganze Natur. Irgendwie fehlt mir das im Winter und ich krame wieder Duftlampe und R\u00e4ucherst\u00f6vchen hervor. Fruchtige D\u00fcfte, die an den Sommer erinnern, mag ich dann besonders oder abends alle Lichter ausschalten und nur im Schein von Kerzen eine besinnliche R\u00e4ucherstunde einlegen. Mein Liebling f\u00fcr das R\u00e4ucherst\u00f6vchen ist Kiefernharz. Das kann man einfach selber sammeln, ohne dass ein Baum daf\u00fcr leiden musste, und es duftet wunderbar. Wenn die Mandarinen-Zeit wieder losgeht, kann man den Tag schon zum Fr\u00fchst\u00fcck mit einem kleinen Duft-Feuerwerk beginnen. Zutaten: ein Teelicht und eine Mandarinenschale. Wenn man die Mandarinenschale neben die Flamme h\u00e4lt und knickt, spitzt das \u00e4therische \u00d6l heraus und gibt kleine, duftende Stichflammen \ud83d\ude09<\/p>\n<p><strong>3. M\u00e4rchenzeit<br \/>\n<\/strong>Mit dem Herbst f\u00e4ngt f\u00fcr mich wieder die M\u00e4rchenzeit an. Ich denke, wir Menschen brauchen einfach Geschichten. Wie lang und dunkel muss f\u00fcr unsere Vorfahren der Winter ohne elektrisches Licht und Unterhaltungsmedien gewesen sein. Da war es wohl nat\u00fcrlich, dass man n\u00e4her zusammen r\u00fcckte und sich Geschichten erz\u00e4hlte, um die Zeit k\u00fcrzer und angenehmer zu machen. Wir haben heutzutage ja eine gro\u00dfe Auswahl an sch\u00f6nen Geschichten immer griffbereit. Warum sollte man das nicht zusammen feiern? Sich gegenseitig etwas sch\u00f6nes vorlesen, vielleicht sogar zusammen mit Freunden oder einfach zu zweit als Gute-Nacht-Geschichte? Als M\u00e4dels kann man sich auch prima zu einem Handarbeitsnachmittag\/abend verabreden und jede bringt etwas sch\u00f6nes zum Vorlesen oder als H\u00f6rbuch mit. Neben den M\u00e4rchenklassikern mag ich ganz besonders die &#8222;Briefe aus meiner M\u00fchle&#8220; von Alphonse Daudet. Mit seinen Geschichten aus der &#8222;Bibliothek der Zikaden&#8220; l\u00e4sst es sich wunderbar vom Sommer tr\u00e4umen. Wundersch\u00f6n sind auch die gesungenen M\u00e4rchen von <a href=\"http:\/\/www.shei.de\/html\/lieder.html\">Shei<\/a>. Mein Liebling: <a href=\"http:\/\/www.youtube.com\/watch?v=yLfCq1fu6bY\">Der verzauberte Wald<\/a>. Wundersch\u00f6n zum Tr\u00e4umen \ud83d\ude00<\/p>\n<p><strong>4. Schokolade f\u00fcr die Seele<\/strong><br \/>\nDass Schokolade Gl\u00fcckshormone erzeugt, ist inzwischen sogar wissenschaftlich nachgewiesen. Damit eignet sie sich prima als kleiner Seelentr\u00f6ster zwischendurch. Es muss ja nicht immer Schokolade in fester Form sein. Auch als Tee schmeckt sie gut und wirkt (meiner Erfahrung nach) und nat\u00fcrlich als hei\u00dfe Schokolade. Besonders gerne mag ich die dickfl\u00fcssigere italienische Variante. Daf\u00fcr muss man nicht unbedingt die teuren original italienische Trinkschokoladep\u00e4ckchen kaufen. Das kann man auch ganz einfach selber mischen:<\/p>\n<p>3 TL Kakaopulver<br \/>\n2 TL Zucker<br \/>\n4 TL Speisest\u00e4rke<br \/>\n1 Tasse Milch, Mandelmilch o.\u00e4.<\/p>\n<p>Die Zutaten verr\u00fchrt man gut mit kalter Milch (am besten erst separat mit wenig Milch) und erw\u00e4rmt die Mischung in einem Topf, bis sie aufkocht. Durch die St\u00e4rke wird die hei\u00dfe Schokolade richtig sch\u00f6n cremig und schmeckt auch mit Mandel-, Soja- oder anderer &#8222;Pflanzenmilch&#8220; super schokoladig. Wenn nur Schoko zu langweilig ist, kann man sie auch prima aromatisieren. Meine Lieblinge:<\/p>\n<ul>\n<li>Orangenzucker statt Zucker,<\/li>\n<li>einige Tropfen echte Vanille-Essenz oder<\/li>\n<li>1-2 TL Haselnussgeist (toller Nutella-Geschmack!)<\/li>\n<\/ul>\n<p>Und dann ab damit auf&#8217;s Sofa und genie\u00dfen. So l\u00e4sst sich auch die dunkle Jahreszeit aushalten \ud83d\ude09<\/p>\n<p>Habt Ihr noch mehr Ideen und Tipps? Dann macht doch auch mit \ud83d\ude00<\/p>\n","protected":false},"excerpt":{"rendered":"<p>&#8222;Nanu, es ist ja schon dunkel!&#8220; Das dachte ich in den letzten Tagen regelm\u00e4\u00dfig. Auch wenn es heute noch einen sch\u00f6nen Altweibersommertag gab, steuern wir eindeutig auf die dunkle Jahreszeit zu. Passend dazu habe ich zum Gl\u00fcck ein nettes Blog-Event&hellip;<\/p>\n<p class=\"more-link-p\"><a class=\"more-link\" href=\"https:\/\/www.kleine-miri.de\/blog\/2013\/10\/07\/seelenfutter-fur-die-dunkle-jahreszeit\/\">Weiterlesen &rarr;<\/a><\/p>\n","protected":false},"author":1,"featured_media":0,"comment_status":"open","ping_status":"open","sticky":false,"template":"","format":"standard","meta":{"footnotes":""},"categories":[1],"tags":[],"class_list":["post-372","post","type-post","status-publish","format-standard","hentry","category-allgemein"],"_links":{"self":[{"href":"https:\/\/www.kleine-miri.de\/blog\/wp-json\/wp\/v2\/posts\/372","targetHints":{"allow":["GET"]}}],"collection":[{"href":"https:\/\/www.kleine-miri.de\/blog\/wp-json\/wp\/v2\/posts"}],"about":[{"href":"https:\/\/www.kleine-miri.de\/blog\/wp-json\/wp\/v2\/types\/post"}],"author":[{"embeddable":true,"href":"https:\/\/www.kleine-miri.de\/blog\/wp-json\/wp\/v2\/users\/1"}],"replies":[{"embeddable":true,"href":"https:\/\/www.kleine-miri.de\/blog\/wp-json\/wp\/v2\/comments?post=372"}],"version-history":[{"count":27,"href":"https:\/\/www.kleine-miri.de\/blog\/wp-json\/wp\/v2\/posts\/372\/revisions"}],"predecessor-version":[{"id":404,"href":"https:\/\/www.kleine-miri.de\/blog\/wp-json\/wp\/v2\/posts\/372\/revisions\/404"}],"wp:attachment":[{"href":"https:\/\/www.kleine-miri.de\/blog\/wp-json\/wp\/v2\/media?parent=372"}],"wp:term":[{"taxonomy":"category","embeddable":true,"href":"https:\/\/www.kleine-miri.de\/blog\/wp-json\/wp\/v2\/categories?post=372"},{"taxonomy":"post_tag","embeddable":true,"href":"https:\/\/www.kleine-miri.de\/blog\/wp-json\/wp\/v2\/tags?post=372"}],"curies":[{"name":"wp","href":"https:\/\/api.w.org\/{rel}","templated":true}]}}